{"id":998,"date":"2015-09-01T00:00:22","date_gmt":"2015-09-01T00:00:22","guid":{"rendered":"https:\/\/ena.cl\/?p=998"},"modified":"2015-09-07T18:14:32","modified_gmt":"2015-09-07T18:14:32","slug":"funcion-publica-probidad-y-transparencia-para-gore-tarapaca","status":"publish","type":"post","link":"https:\/\/ena.cl\/?p=998","title":{"rendered":"Funci\u00f3n P\u00fablica, Probidad y Transparencia para GORE Tarapac\u00e1"},"content":{"rendered":"<p><a href=\"https:\/\/ena.cl\/wp-content\/uploads\/2015\/09\/Foto-5-GORE-tarapaca.jpg\"><img loading=\"lazy\" decoding=\"async\" class=\"alignleft size-medium wp-image-999\" src=\"https:\/\/ena.cl\/wp-content\/uploads\/2015\/09\/Foto-5-GORE-tarapaca-300x213.jpg\" alt=\"Foto 5 GORE tarapaca\" width=\"300\" height=\"213\" srcset=\"https:\/\/ena.cl\/wp-content\/uploads\/2015\/09\/Foto-5-GORE-tarapaca-300x213.jpg 300w, https:\/\/ena.cl\/wp-content\/uploads\/2015\/09\/Foto-5-GORE-tarapaca.jpg 600w\" sizes=\"auto, (max-width: 300px) 100vw, 300px\" \/><\/a>16 horas dur\u00f3 la capacitaci\u00f3n dictada al Gobierno Regional (GORE) de Tarapac\u00e1, realizada los d\u00edas 20 y 21 de agosto en el Hotel Terrado Club de Iquique.<\/p>\n<p>El objetivo de este curso fue que sus estudiantes perfeccionaran a\u00fan m\u00e1s su labor al servicio de los ciudadanos, pero no s\u00f3lo en las destrezas t\u00e9cnicas de su profesi\u00f3n u oficio, sino tambi\u00e9n en la cultura del servicio p\u00fablico, que no es otra que atender y satisfacer permanentemente las necesidades colectivas con calidad y honestidad.<\/p>\n<p>Para esto, se revisaron los contenidos: Funci\u00f3n P\u00fablica Administrativa regulada en el Decreto con Fuerza de Ley 29 (H) de 2005; el principio de la Probidad Administrativa; conflictos de inter\u00e9s: el dinero y la pol\u00edtica; casos Penta, Caval y Soquimich y las conductas contrarias al Principio de la Probidad; Transparencia Administrativa; Ley del Lobby; Principio de la Responsabilidad Administrativa y la funci\u00f3n dictaminadora de la Contralor\u00eda General de la Rep\u00fablica y los derechos funcionarios.<\/p>\n<p>La metodolog\u00eda utilizada incluy\u00f3 clases expositivas y estudio de casos que permitieran poner en pr\u00e1ctica los contenidos revisados en clases.<\/p>\n","protected":false},"excerpt":{"rendered":"<p>16 horas dur\u00f3 la capacitaci\u00f3n dictada al Gobierno Regional (GORE) de Tarapac\u00e1, realizada los d\u00edas 20 y 21 de agosto en el Hotel Terrado Club de Iquique. El objetivo de este curso fue que sus estudiantes perfeccionaran a\u00fan m\u00e1s su labor al servicio de los ciudadanos, pero no s\u00f3lo en las destrezas t\u00e9cnicas de su&hellip;<\/p>\n","protected":false},"author":3,"featured_media":999,"comment_status":"closed","ping_status":"closed","sticky":false,"template":"","format":"standard","meta":{"footnotes":""},"categories":[2,15],"tags":[],"class_list":["post-998","post","type-post","status-publish","format-standard","has-post-thumbnail","hentry","category-noticias","category-ultimos-cursos","category-2","category-15","description-off"],"_links":{"self":[{"href":"https:\/\/ena.cl\/index.php?rest_route=\/wp\/v2\/posts\/998","targetHints":{"allow":["GET"]}}],"collection":[{"href":"https:\/\/ena.cl\/index.php?rest_route=\/wp\/v2\/posts"}],"about":[{"href":"https:\/\/ena.cl\/index.php?rest_route=\/wp\/v2\/types\/post"}],"author":[{"embeddable":true,"href":"https:\/\/ena.cl\/index.php?rest_route=\/wp\/v2\/users\/3"}],"replies":[{"embeddable":true,"href":"https:\/\/ena.cl\/index.php?rest_route=%2Fwp%2Fv2%2Fcomments&post=998"}],"version-history":[{"count":1,"href":"https:\/\/ena.cl\/index.php?rest_route=\/wp\/v2\/posts\/998\/revisions"}],"predecessor-version":[{"id":1000,"href":"https:\/\/ena.cl\/index.php?rest_route=\/wp\/v2\/posts\/998\/revisions\/1000"}],"wp:featuredmedia":[{"embeddable":true,"href":"https:\/\/ena.cl\/index.php?rest_route=\/wp\/v2\/media\/999"}],"wp:attachment":[{"href":"https:\/\/ena.cl\/index.php?rest_route=%2Fwp%2Fv2%2Fmedia&parent=998"}],"wp:term":[{"taxonomy":"category","embeddable":true,"href":"https:\/\/ena.cl\/index.php?rest_route=%2Fwp%2Fv2%2Fcategories&post=998"},{"taxonomy":"post_tag","embeddable":true,"href":"https:\/\/ena.cl\/index.php?rest_route=%2Fwp%2Fv2%2Ftags&post=998"}],"curies":[{"name":"wp","href":"https:\/\/api.w.org\/{rel}","templated":true}]}}