{"id":995,"date":"2015-09-01T00:00:38","date_gmt":"2015-09-01T00:00:38","guid":{"rendered":"https:\/\/ena.cl\/?p=995"},"modified":"2015-09-17T17:36:52","modified_gmt":"2015-09-17T17:36:52","slug":"funcionarios-del-ministerio-de-interior-se-perfeccionan-en-estatuto-administrativo","status":"publish","type":"post","link":"https:\/\/ena.cl\/?p=995","title":{"rendered":"Funcionarios del Ministerio del Interior y Seguridad P\u00fablica estudian el Estatuto Administrativo la Probidad y Transparencia"},"content":{"rendered":"<p><a href=\"https:\/\/ena.cl\/wp-content\/uploads\/2015\/09\/Foto-4-Ministerio-Interior-Estatuto-Administrativo.jpg\"><img loading=\"lazy\" decoding=\"async\" class=\"alignleft size-medium wp-image-996\" src=\"https:\/\/ena.cl\/wp-content\/uploads\/2015\/09\/Foto-4-Ministerio-Interior-Estatuto-Administrativo-300x225.jpg\" alt=\"Foto 4 Ministerio Interior Estatuto Administrativo\" width=\"300\" height=\"225\" srcset=\"https:\/\/ena.cl\/wp-content\/uploads\/2015\/09\/Foto-4-Ministerio-Interior-Estatuto-Administrativo-300x225.jpg 300w, https:\/\/ena.cl\/wp-content\/uploads\/2015\/09\/Foto-4-Ministerio-Interior-Estatuto-Administrativo-400x300.jpg 400w, https:\/\/ena.cl\/wp-content\/uploads\/2015\/09\/Foto-4-Ministerio-Interior-Estatuto-Administrativo.jpg 600w\" sizes=\"auto, (max-width: 300px) 100vw, 300px\" \/><\/a>12 personas cumplieron con esta capacitaci\u00f3n realizada los d\u00edas 17, 18, 27 y 28 de agosto pasado.<\/p>\n<p>El objetivo general del curso fue que sus participantes fortalecieran sus competencias para aplicar el r\u00e9gimen jur\u00eddico vigente, en relaci\u00f3n a la Funci\u00f3n P\u00fablica Civil del Estado regulada en el Estatuto Administrativo y el Principio de la Probidad, Transparencia y Publicidad Administrativa.<\/p>\n<p>En un total de 16 horas cronol\u00f3gicas, los estudiantes revisaron los contenidos: Funci\u00f3n P\u00fablica Civil del Estado; Estatuto Administrativo, nuevo trato laboral; probidad administrativa y responsabilidad funcionaria; las leyes 19.880 sobre procedimientos administrativos o \u201cdel silencio administrativo\u201d y 20.285 sobre acceso a la informaci\u00f3n p\u00fablica.<\/p>\n<p>Como metodolog\u00eda, la capacitaci\u00f3n tuvo clase expositiva de contenidos complementada con ejercicios dise\u00f1ados para propiciar la participaci\u00f3n de los alumnos y su internalizaci\u00f3n de contenidos y desarrollo de competencias.<\/p>\n","protected":false},"excerpt":{"rendered":"<p>12 personas cumplieron con esta capacitaci\u00f3n realizada los d\u00edas 17, 18, 27 y 28 de agosto pasado. El objetivo general del curso fue que sus participantes fortalecieran sus competencias para aplicar el r\u00e9gimen jur\u00eddico vigente, en relaci\u00f3n a la Funci\u00f3n P\u00fablica Civil del Estado regulada en el Estatuto Administrativo y el Principio de la Probidad,&hellip;<\/p>\n","protected":false},"author":3,"featured_media":996,"comment_status":"closed","ping_status":"closed","sticky":false,"template":"","format":"standard","meta":{"footnotes":""},"categories":[2,15],"tags":[],"class_list":["post-995","post","type-post","status-publish","format-standard","has-post-thumbnail","hentry","category-noticias","category-ultimos-cursos","category-2","category-15","description-off"],"_links":{"self":[{"href":"https:\/\/ena.cl\/index.php?rest_route=\/wp\/v2\/posts\/995","targetHints":{"allow":["GET"]}}],"collection":[{"href":"https:\/\/ena.cl\/index.php?rest_route=\/wp\/v2\/posts"}],"about":[{"href":"https:\/\/ena.cl\/index.php?rest_route=\/wp\/v2\/types\/post"}],"author":[{"embeddable":true,"href":"https:\/\/ena.cl\/index.php?rest_route=\/wp\/v2\/users\/3"}],"replies":[{"embeddable":true,"href":"https:\/\/ena.cl\/index.php?rest_route=%2Fwp%2Fv2%2Fcomments&post=995"}],"version-history":[{"count":4,"href":"https:\/\/ena.cl\/index.php?rest_route=\/wp\/v2\/posts\/995\/revisions"}],"predecessor-version":[{"id":1010,"href":"https:\/\/ena.cl\/index.php?rest_route=\/wp\/v2\/posts\/995\/revisions\/1010"}],"wp:featuredmedia":[{"embeddable":true,"href":"https:\/\/ena.cl\/index.php?rest_route=\/wp\/v2\/media\/996"}],"wp:attachment":[{"href":"https:\/\/ena.cl\/index.php?rest_route=%2Fwp%2Fv2%2Fmedia&parent=995"}],"wp:term":[{"taxonomy":"category","embeddable":true,"href":"https:\/\/ena.cl\/index.php?rest_route=%2Fwp%2Fv2%2Fcategories&post=995"},{"taxonomy":"post_tag","embeddable":true,"href":"https:\/\/ena.cl\/index.php?rest_route=%2Fwp%2Fv2%2Ftags&post=995"}],"curies":[{"name":"wp","href":"https:\/\/api.w.org\/{rel}","templated":true}]}}