{"id":990,"date":"2015-09-01T00:00:06","date_gmt":"2015-09-01T00:00:06","guid":{"rendered":"https:\/\/ena.cl\/?p=990"},"modified":"2015-09-07T18:16:01","modified_gmt":"2015-09-07T18:16:01","slug":"estatuto-administrativo-y-legislacion-laboral-para-hospital-barros-luco","status":"publish","type":"post","link":"https:\/\/ena.cl\/?p=990","title":{"rendered":"Estatuto Administrativo y Legislaci\u00f3n Laboral para Hospital Barros Luco"},"content":{"rendered":"<p><a href=\"https:\/\/ena.cl\/wp-content\/uploads\/2015\/09\/Foto-3-Hospital-Barros-Luco.jpg\"><img loading=\"lazy\" decoding=\"async\" class=\"alignleft size-medium wp-image-992\" src=\"https:\/\/ena.cl\/wp-content\/uploads\/2015\/09\/Foto-3-Hospital-Barros-Luco-300x221.jpg\" alt=\"Foto 3 Hospital Barros Luco\" width=\"300\" height=\"221\" srcset=\"https:\/\/ena.cl\/wp-content\/uploads\/2015\/09\/Foto-3-Hospital-Barros-Luco-300x221.jpg 300w, https:\/\/ena.cl\/wp-content\/uploads\/2015\/09\/Foto-3-Hospital-Barros-Luco.jpg 600w\" sizes=\"auto, (max-width: 300px) 100vw, 300px\" \/><\/a>77 alumnos participaron de este curso dictado los d\u00edas 12, 13, 14, 17, 18, 19, 20 y 21 de agosto en el auditorio del centro asistencial ubicado en la comuna de San Miguel en la Regi\u00f3n Metropolitana.<br \/>\nLa capacitaci\u00f3n, que tuvo una duraci\u00f3n 40 horas cronol\u00f3gicas, se dict\u00f3 con el objetivo de fortalecer las competencias de sus participantes en materias relacionadas con Estatuto Administrativo y legislaci\u00f3n laboral.<br \/>\nPara ello revisaron, entre otros contenidos: Ley de Bases de Administraci\u00f3n del Estado 18.575 y Probidad Administrativa; estructura y organizaci\u00f3n del MINSAL; Estatuto Administrativo Ley 18.834; carrera funcionaria, sistema de calificaciones, capacitaci\u00f3n y promoci\u00f3n; asignaci\u00f3n por desempe\u00f1o colectivo y acreditaci\u00f3n individual, Ley 19.937 y Silencio Administrativo Ley 19.880.<br \/>\nLa metodolog\u00eda se dise\u00f1\u00f3 con enfoque en educaci\u00f3n de adultos, relevando la importancia de la experiencia laboral en las materias ense\u00f1adas. Incluy\u00f3 clases te\u00f3ricas con explicaci\u00f3n de los contenidos, y pr\u00e1cticas para aplicar lo aprendido.<\/p>\n","protected":false},"excerpt":{"rendered":"<p>77 alumnos participaron de este curso dictado los d\u00edas 12, 13, 14, 17, 18, 19, 20 y 21 de agosto en el auditorio del centro asistencial ubicado en la comuna de San Miguel en la Regi\u00f3n Metropolitana. La capacitaci\u00f3n, que tuvo una duraci\u00f3n 40 horas cronol\u00f3gicas, se dict\u00f3 con el objetivo de fortalecer las competencias&hellip;<\/p>\n","protected":false},"author":3,"featured_media":992,"comment_status":"closed","ping_status":"closed","sticky":false,"template":"","format":"standard","meta":{"footnotes":""},"categories":[2,15],"tags":[],"class_list":["post-990","post","type-post","status-publish","format-standard","has-post-thumbnail","hentry","category-noticias","category-ultimos-cursos","category-2","category-15","description-off"],"_links":{"self":[{"href":"https:\/\/ena.cl\/index.php?rest_route=\/wp\/v2\/posts\/990","targetHints":{"allow":["GET"]}}],"collection":[{"href":"https:\/\/ena.cl\/index.php?rest_route=\/wp\/v2\/posts"}],"about":[{"href":"https:\/\/ena.cl\/index.php?rest_route=\/wp\/v2\/types\/post"}],"author":[{"embeddable":true,"href":"https:\/\/ena.cl\/index.php?rest_route=\/wp\/v2\/users\/3"}],"replies":[{"embeddable":true,"href":"https:\/\/ena.cl\/index.php?rest_route=%2Fwp%2Fv2%2Fcomments&post=990"}],"version-history":[{"count":3,"href":"https:\/\/ena.cl\/index.php?rest_route=\/wp\/v2\/posts\/990\/revisions"}],"predecessor-version":[{"id":994,"href":"https:\/\/ena.cl\/index.php?rest_route=\/wp\/v2\/posts\/990\/revisions\/994"}],"wp:featuredmedia":[{"embeddable":true,"href":"https:\/\/ena.cl\/index.php?rest_route=\/wp\/v2\/media\/992"}],"wp:attachment":[{"href":"https:\/\/ena.cl\/index.php?rest_route=%2Fwp%2Fv2%2Fmedia&parent=990"}],"wp:term":[{"taxonomy":"category","embeddable":true,"href":"https:\/\/ena.cl\/index.php?rest_route=%2Fwp%2Fv2%2Fcategories&post=990"},{"taxonomy":"post_tag","embeddable":true,"href":"https:\/\/ena.cl\/index.php?rest_route=%2Fwp%2Fv2%2Ftags&post=990"}],"curies":[{"name":"wp","href":"https:\/\/api.w.org\/{rel}","templated":true}]}}