{"id":964,"date":"2015-08-21T23:19:09","date_gmt":"2015-08-21T23:19:09","guid":{"rendered":"https:\/\/ena.cl\/?p=964"},"modified":"2015-08-21T23:19:09","modified_gmt":"2015-08-21T23:19:09","slug":"curso-sobre-acoso-laboral-para-funcionarios-de-subsecretaria-de-servicios-sociales","status":"publish","type":"post","link":"https:\/\/ena.cl\/?p=964","title":{"rendered":"Curso sobre acoso laboral para funcionarios de Subsecretar\u00eda de Servicios Sociales"},"content":{"rendered":"<p><a href=\"https:\/\/ena.cl\/wp-content\/uploads\/2015\/08\/foto5-.jpg\"><img loading=\"lazy\" decoding=\"async\" class=\"alignleft size-medium wp-image-965\" src=\"https:\/\/ena.cl\/wp-content\/uploads\/2015\/08\/foto5--300x204.jpg\" alt=\"foto5-\" width=\"300\" height=\"204\" srcset=\"https:\/\/ena.cl\/wp-content\/uploads\/2015\/08\/foto5--300x204.jpg 300w, https:\/\/ena.cl\/wp-content\/uploads\/2015\/08\/foto5-.jpg 600w\" sizes=\"auto, (max-width: 300px) 100vw, 300px\" \/><\/a>16 horas cronol\u00f3gicas tuvo esta capacitaci\u00f3n dictada a 17 integrantes de la Subsecretar\u00eda de Servicios Sociales, realizada por los docentes ENA: Ximena Peralta, quien es psic\u00f3loga laboral y organizacional con especializaci\u00f3n en temas de desarrollo humano y gesti\u00f3n; y Eduardo Irribarra, Mag\u00edster en Derecho P\u00fablico con menci\u00f3n en Derecho Constitucional y Mag\u00edster \u00a9 en Derecho de la Salud de la Universidad de Los Andes.<\/p>\n<p>El curso se realiz\u00f3 en Santiago el 03 y 05 de agosto, y tuvo como principal finalidad que sus participantes adquirieran herramientas para identificar situaciones y tipos de acoso laboral, condiciones organizacionales y formas de prevenci\u00f3n de conductas de este tipo.<\/p>\n<p>La capacitaci\u00f3n busc\u00f3 propiciar ambientes laborales con relaciones interpersonales que respeten la igualdad de trato entre hombres y mujeres y la dignidad de las personas, incorporando el protocolo y reglamento institucional.<\/p>\n<p>Es as\u00ed que se revis\u00f3 el contexto laboral y los derechos de los trabajadores en temas de acoso, responsabilidad civil, riesgos psicosociales y prevenci\u00f3n. La capacitaci\u00f3n culmin\u00f3 con el an\u00e1lisis del protocolo y reglamento de la Subsecretar\u00eda de Servicios Sociales, adem\u00e1s de la elaboraci\u00f3n de un plan de mejora para el puesto de trabajo.<\/p>\n","protected":false},"excerpt":{"rendered":"<p>16 horas cronol\u00f3gicas tuvo esta capacitaci\u00f3n dictada a 17 integrantes de la Subsecretar\u00eda de Servicios Sociales, realizada por los docentes ENA: Ximena Peralta, quien es psic\u00f3loga laboral y organizacional con especializaci\u00f3n en temas de desarrollo humano y gesti\u00f3n; y Eduardo Irribarra, Mag\u00edster en Derecho P\u00fablico con menci\u00f3n en Derecho Constitucional y Mag\u00edster \u00a9 en Derecho&hellip;<\/p>\n","protected":false},"author":3,"featured_media":965,"comment_status":"closed","ping_status":"closed","sticky":false,"template":"","format":"standard","meta":{"footnotes":""},"categories":[2,15],"tags":[],"class_list":["post-964","post","type-post","status-publish","format-standard","has-post-thumbnail","hentry","category-noticias","category-ultimos-cursos","category-2","category-15","description-off"],"_links":{"self":[{"href":"https:\/\/ena.cl\/index.php?rest_route=\/wp\/v2\/posts\/964","targetHints":{"allow":["GET"]}}],"collection":[{"href":"https:\/\/ena.cl\/index.php?rest_route=\/wp\/v2\/posts"}],"about":[{"href":"https:\/\/ena.cl\/index.php?rest_route=\/wp\/v2\/types\/post"}],"author":[{"embeddable":true,"href":"https:\/\/ena.cl\/index.php?rest_route=\/wp\/v2\/users\/3"}],"replies":[{"embeddable":true,"href":"https:\/\/ena.cl\/index.php?rest_route=%2Fwp%2Fv2%2Fcomments&post=964"}],"version-history":[{"count":1,"href":"https:\/\/ena.cl\/index.php?rest_route=\/wp\/v2\/posts\/964\/revisions"}],"predecessor-version":[{"id":966,"href":"https:\/\/ena.cl\/index.php?rest_route=\/wp\/v2\/posts\/964\/revisions\/966"}],"wp:featuredmedia":[{"embeddable":true,"href":"https:\/\/ena.cl\/index.php?rest_route=\/wp\/v2\/media\/965"}],"wp:attachment":[{"href":"https:\/\/ena.cl\/index.php?rest_route=%2Fwp%2Fv2%2Fmedia&parent=964"}],"wp:term":[{"taxonomy":"category","embeddable":true,"href":"https:\/\/ena.cl\/index.php?rest_route=%2Fwp%2Fv2%2Fcategories&post=964"},{"taxonomy":"post_tag","embeddable":true,"href":"https:\/\/ena.cl\/index.php?rest_route=%2Fwp%2Fv2%2Ftags&post=964"}],"curies":[{"name":"wp","href":"https:\/\/api.w.org\/{rel}","templated":true}]}}