{"id":961,"date":"2015-08-21T23:17:07","date_gmt":"2015-08-21T23:17:07","guid":{"rendered":"https:\/\/ena.cl\/?p=961"},"modified":"2015-08-21T23:17:07","modified_gmt":"2015-08-21T23:17:07","slug":"investigaciones-sumarias-y-sumario-administrativo-para-funcionarios-del-hospital-carlos-van-buren","status":"publish","type":"post","link":"https:\/\/ena.cl\/?p=961","title":{"rendered":"Investigaciones Sumarias y Sumario Administrativo para funcionarios del Hospital Carlos Van Buren"},"content":{"rendered":"<p><del><a href=\"https:\/\/ena.cl\/wp-content\/uploads\/2015\/08\/foto4-.jpg\"><img loading=\"lazy\" decoding=\"async\" class=\"alignleft size-medium wp-image-962\" src=\"https:\/\/ena.cl\/wp-content\/uploads\/2015\/08\/foto4--300x204.jpg\" alt=\"foto4-\" width=\"300\" height=\"204\" srcset=\"https:\/\/ena.cl\/wp-content\/uploads\/2015\/08\/foto4--300x204.jpg 300w, https:\/\/ena.cl\/wp-content\/uploads\/2015\/08\/foto4-.jpg 600w\" sizes=\"auto, (max-width: 300px) 100vw, 300px\" \/><\/a><\/del>Profesionales, t\u00e9cnicos, administrativos y auxiliares del Hospital Carlos Van Buren de Valpara\u00edso participaron de este curso realizado el 03, 04 y 05 de agosto.<\/p>\n<p>25 personas asistieron a esta capacitaci\u00f3n que tuvo como objetivo principal que sus alumnos perfeccionaran sus conocimientos y destrezas con el prop\u00f3sito de poder instruir -o simplemente ejercer su derecho a la defensa- ante una anotaci\u00f3n de dem\u00e9rito o investigaci\u00f3n sumaria y, por otra parte, analizaran las implicancias de ser parte en un sumario administrativo o juicio de cuentas instruido por la Contralor\u00eda General de la Rep\u00fablica.<\/p>\n<p>Para ello el curso se estructur\u00f3 en cuatro unidades estudio: contexto laboral, r\u00e9gimen estatutario y responsabilidad funcionaria; principios y fuentes de la responsabilidad administrativa o disciplinaria, pol\u00edtica, civil y penal; el proceso administrativo: investigaci\u00f3n sumaria y sumario administrativo; y procedimientos administrativos sancionadores con origen en la Contralor\u00eda General de la Rep\u00fablica.<\/p>\n<p>Estas unidades fueron revisadas en modalidad te\u00f3rico &#8211; pr\u00e1ctica, incluyendo la realizaci\u00f3n de dos talleres en los que analizaron casos desde la perspectiva de la jurisprudencia administrativa y judicial, aplicable a la responsabilidad administrativa y sus procedimientos.<\/p>\n","protected":false},"excerpt":{"rendered":"<p>Profesionales, t\u00e9cnicos, administrativos y auxiliares del Hospital Carlos Van Buren de Valpara\u00edso participaron de este curso realizado el 03, 04 y 05 de agosto. 25 personas asistieron a esta capacitaci\u00f3n que tuvo como objetivo principal que sus alumnos perfeccionaran sus conocimientos y destrezas con el prop\u00f3sito de poder instruir -o simplemente ejercer su derecho a&hellip;<\/p>\n","protected":false},"author":3,"featured_media":962,"comment_status":"closed","ping_status":"closed","sticky":false,"template":"","format":"standard","meta":{"footnotes":""},"categories":[2,15],"tags":[],"class_list":["post-961","post","type-post","status-publish","format-standard","has-post-thumbnail","hentry","category-noticias","category-ultimos-cursos","category-2","category-15","description-off"],"_links":{"self":[{"href":"https:\/\/ena.cl\/index.php?rest_route=\/wp\/v2\/posts\/961","targetHints":{"allow":["GET"]}}],"collection":[{"href":"https:\/\/ena.cl\/index.php?rest_route=\/wp\/v2\/posts"}],"about":[{"href":"https:\/\/ena.cl\/index.php?rest_route=\/wp\/v2\/types\/post"}],"author":[{"embeddable":true,"href":"https:\/\/ena.cl\/index.php?rest_route=\/wp\/v2\/users\/3"}],"replies":[{"embeddable":true,"href":"https:\/\/ena.cl\/index.php?rest_route=%2Fwp%2Fv2%2Fcomments&post=961"}],"version-history":[{"count":1,"href":"https:\/\/ena.cl\/index.php?rest_route=\/wp\/v2\/posts\/961\/revisions"}],"predecessor-version":[{"id":963,"href":"https:\/\/ena.cl\/index.php?rest_route=\/wp\/v2\/posts\/961\/revisions\/963"}],"wp:featuredmedia":[{"embeddable":true,"href":"https:\/\/ena.cl\/index.php?rest_route=\/wp\/v2\/media\/962"}],"wp:attachment":[{"href":"https:\/\/ena.cl\/index.php?rest_route=%2Fwp%2Fv2%2Fmedia&parent=961"}],"wp:term":[{"taxonomy":"category","embeddable":true,"href":"https:\/\/ena.cl\/index.php?rest_route=%2Fwp%2Fv2%2Fcategories&post=961"},{"taxonomy":"post_tag","embeddable":true,"href":"https:\/\/ena.cl\/index.php?rest_route=%2Fwp%2Fv2%2Ftags&post=961"}],"curies":[{"name":"wp","href":"https:\/\/api.w.org\/{rel}","templated":true}]}}