{"id":958,"date":"2015-08-21T23:15:51","date_gmt":"2015-08-21T23:15:51","guid":{"rendered":"https:\/\/ena.cl\/?p=958"},"modified":"2015-08-21T23:15:51","modified_gmt":"2015-08-21T23:15:51","slug":"jefaturas-del-servicio-salud-metropolitano-occidente-se-perfeccionan-en-estatuto-administrativo","status":"publish","type":"post","link":"https:\/\/ena.cl\/?p=958","title":{"rendered":"Jefaturas del Servicio Salud Metropolitano Occidente se perfeccionan en Estatuto Administrativo"},"content":{"rendered":"<p><a href=\"https:\/\/ena.cl\/wp-content\/uploads\/2015\/08\/foto3.jpg\"><img loading=\"lazy\" decoding=\"async\" class=\"alignleft size-medium wp-image-959\" src=\"https:\/\/ena.cl\/wp-content\/uploads\/2015\/08\/foto3-300x204.jpg\" alt=\"foto3\" width=\"300\" height=\"204\" srcset=\"https:\/\/ena.cl\/wp-content\/uploads\/2015\/08\/foto3-300x204.jpg 300w, https:\/\/ena.cl\/wp-content\/uploads\/2015\/08\/foto3.jpg 600w\" sizes=\"auto, (max-width: 300px) 100vw, 300px\" \/><\/a>28 funcionarios jefes de establecimientos correspondientes al Servicio de Salud Metropolitano Occidente participaron de esta capacitaci\u00f3n referida a Estatuto Administrativo.<\/p>\n<p>El curso se realiz\u00f3 en 24 horas cronol\u00f3gicas, efectuadas el 28 y 30 de julio, adem\u00e1s del 04 y 06 de agosto.<\/p>\n<p>El objetivo de este programa acad\u00e9mico fue que sus asistentes lograran manejar la normativa legal vigente as\u00ed como las disposiciones \u00e9ticas, pol\u00edticas y de procedimientos administrativos para una eficiente gesti\u00f3n y evaluaci\u00f3n del personal de la red asistencial del servicio.<\/p>\n<p>Es as\u00ed que los contenidos revisados se enmarcaron dentro de: Estatuto Administrativo, Nuevo Trato Laboral y dem\u00e1s normas especiales incorporadas por la Ley de Autoridad Sanitaria; est\u00e1ndar \u00e9tico de los funcionarios p\u00fablicos; dignidad funcionaria; medidas y procedimientos de la gesti\u00f3n del desempe\u00f1o; medidas y procedimientos de gesti\u00f3n disciplinaria; y ciclo laboral en el servicio de salud.<\/p>\n<p>La metodolog\u00eda aplicada fue de clases expositivas con ejercicios dise\u00f1ados para propiciar la participaci\u00f3n de los alumnos, su internalizaci\u00f3n de contenidos y desarrollo de competencias.<\/p>\n","protected":false},"excerpt":{"rendered":"<p>28 funcionarios jefes de establecimientos correspondientes al Servicio de Salud Metropolitano Occidente participaron de esta capacitaci\u00f3n referida a Estatuto Administrativo. El curso se realiz\u00f3 en 24 horas cronol\u00f3gicas, efectuadas el 28 y 30 de julio, adem\u00e1s del 04 y 06 de agosto. El objetivo de este programa acad\u00e9mico fue que sus asistentes lograran manejar la&hellip;<\/p>\n","protected":false},"author":3,"featured_media":959,"comment_status":"closed","ping_status":"closed","sticky":false,"template":"","format":"standard","meta":{"footnotes":""},"categories":[2,15],"tags":[],"class_list":["post-958","post","type-post","status-publish","format-standard","has-post-thumbnail","hentry","category-noticias","category-ultimos-cursos","category-2","category-15","description-off"],"_links":{"self":[{"href":"https:\/\/ena.cl\/index.php?rest_route=\/wp\/v2\/posts\/958","targetHints":{"allow":["GET"]}}],"collection":[{"href":"https:\/\/ena.cl\/index.php?rest_route=\/wp\/v2\/posts"}],"about":[{"href":"https:\/\/ena.cl\/index.php?rest_route=\/wp\/v2\/types\/post"}],"author":[{"embeddable":true,"href":"https:\/\/ena.cl\/index.php?rest_route=\/wp\/v2\/users\/3"}],"replies":[{"embeddable":true,"href":"https:\/\/ena.cl\/index.php?rest_route=%2Fwp%2Fv2%2Fcomments&post=958"}],"version-history":[{"count":1,"href":"https:\/\/ena.cl\/index.php?rest_route=\/wp\/v2\/posts\/958\/revisions"}],"predecessor-version":[{"id":960,"href":"https:\/\/ena.cl\/index.php?rest_route=\/wp\/v2\/posts\/958\/revisions\/960"}],"wp:featuredmedia":[{"embeddable":true,"href":"https:\/\/ena.cl\/index.php?rest_route=\/wp\/v2\/media\/959"}],"wp:attachment":[{"href":"https:\/\/ena.cl\/index.php?rest_route=%2Fwp%2Fv2%2Fmedia&parent=958"}],"wp:term":[{"taxonomy":"category","embeddable":true,"href":"https:\/\/ena.cl\/index.php?rest_route=%2Fwp%2Fv2%2Fcategories&post=958"},{"taxonomy":"post_tag","embeddable":true,"href":"https:\/\/ena.cl\/index.php?rest_route=%2Fwp%2Fv2%2Ftags&post=958"}],"curies":[{"name":"wp","href":"https:\/\/api.w.org\/{rel}","templated":true}]}}