{"id":955,"date":"2015-08-21T23:14:37","date_gmt":"2015-08-21T23:14:37","guid":{"rendered":"https:\/\/ena.cl\/?p=955"},"modified":"2015-08-21T23:14:37","modified_gmt":"2015-08-21T23:14:37","slug":"funcionarios-del-hospital-exequiel-gonzalez-se-capacitan-en-estatuto-administrativo","status":"publish","type":"post","link":"https:\/\/ena.cl\/?p=955","title":{"rendered":"Funcionarios del Hospital Exequiel Gonz\u00e1lez se capacitan en Estatuto Administrativo"},"content":{"rendered":"<p><a href=\"https:\/\/ena.cl\/wp-content\/uploads\/2015\/08\/foto2-exequel.jpg\"><img loading=\"lazy\" decoding=\"async\" class=\"alignleft size-medium wp-image-956\" src=\"https:\/\/ena.cl\/wp-content\/uploads\/2015\/08\/foto2-exequel-300x204.jpg\" alt=\"foto2\" width=\"300\" height=\"204\" srcset=\"https:\/\/ena.cl\/wp-content\/uploads\/2015\/08\/foto2-exequel-300x204.jpg 300w, https:\/\/ena.cl\/wp-content\/uploads\/2015\/08\/foto2-exequel.jpg 600w\" sizes=\"auto, (max-width: 300px) 100vw, 300px\" \/><\/a>Integrantes de las \u00e1reas de gesti\u00f3n de personas, bienestar, capacitaci\u00f3n y desarrollo organizacional participaron de este curso dictado en 28 horas pedag\u00f3gicas.<\/p>\n<p>Las jornadas de perfeccionamiento se realizaron el 01, 08, 15 y 29 de julio, adem\u00e1s del 05 de agosto. Estuvieron organizadas en 4 unidades de estudio: reforma al modelo de salud chileno; Estatuto Administrativo, Nuevo Trato Laboral y dem\u00e1s normas incorporadas por la Ley de Autoridad Sanitaria; Probidad Administrativa y Responsabilidad Funcionaria; y proceso administrativo.<\/p>\n<p>Este curso, dictado constantemente por los docentes ENA a funcionarios del sector salud, se fundamenta en que el actual desempe\u00f1o de la funci\u00f3n p\u00fablica civil de la salud exige que todos quienes trabajan en el servicio p\u00fablico, den estricto cumplimiento a la conducta \u00e9tica exigible y a su funci\u00f3n de servidores.<\/p>\n<p>Es por ello que los contenidos de esta capacitaci\u00f3n incluyen: por una parte, el Estatuto Administrativo y sus normas complementarias, y por otra, la jurisprudencia emanada tanto de la Contralor\u00eda General de la Rep\u00fablica como del Consejo de la Transparencia y los Tribunales de Justicia.<\/p>\n","protected":false},"excerpt":{"rendered":"<p>Integrantes de las \u00e1reas de gesti\u00f3n de personas, bienestar, capacitaci\u00f3n y desarrollo organizacional participaron de este curso dictado en 28 horas pedag\u00f3gicas. Las jornadas de perfeccionamiento se realizaron el 01, 08, 15 y 29 de julio, adem\u00e1s del 05 de agosto. Estuvieron organizadas en 4 unidades de estudio: reforma al modelo de salud chileno; Estatuto&hellip;<\/p>\n","protected":false},"author":3,"featured_media":956,"comment_status":"closed","ping_status":"closed","sticky":false,"template":"","format":"standard","meta":{"footnotes":""},"categories":[2,15],"tags":[],"class_list":["post-955","post","type-post","status-publish","format-standard","has-post-thumbnail","hentry","category-noticias","category-ultimos-cursos","category-2","category-15","description-off"],"_links":{"self":[{"href":"https:\/\/ena.cl\/index.php?rest_route=\/wp\/v2\/posts\/955","targetHints":{"allow":["GET"]}}],"collection":[{"href":"https:\/\/ena.cl\/index.php?rest_route=\/wp\/v2\/posts"}],"about":[{"href":"https:\/\/ena.cl\/index.php?rest_route=\/wp\/v2\/types\/post"}],"author":[{"embeddable":true,"href":"https:\/\/ena.cl\/index.php?rest_route=\/wp\/v2\/users\/3"}],"replies":[{"embeddable":true,"href":"https:\/\/ena.cl\/index.php?rest_route=%2Fwp%2Fv2%2Fcomments&post=955"}],"version-history":[{"count":1,"href":"https:\/\/ena.cl\/index.php?rest_route=\/wp\/v2\/posts\/955\/revisions"}],"predecessor-version":[{"id":957,"href":"https:\/\/ena.cl\/index.php?rest_route=\/wp\/v2\/posts\/955\/revisions\/957"}],"wp:featuredmedia":[{"embeddable":true,"href":"https:\/\/ena.cl\/index.php?rest_route=\/wp\/v2\/media\/956"}],"wp:attachment":[{"href":"https:\/\/ena.cl\/index.php?rest_route=%2Fwp%2Fv2%2Fmedia&parent=955"}],"wp:term":[{"taxonomy":"category","embeddable":true,"href":"https:\/\/ena.cl\/index.php?rest_route=%2Fwp%2Fv2%2Fcategories&post=955"},{"taxonomy":"post_tag","embeddable":true,"href":"https:\/\/ena.cl\/index.php?rest_route=%2Fwp%2Fv2%2Ftags&post=955"}],"curies":[{"name":"wp","href":"https:\/\/api.w.org\/{rel}","templated":true}]}}