{"id":952,"date":"2015-08-21T23:13:09","date_gmt":"2015-08-21T23:13:09","guid":{"rendered":"https:\/\/ena.cl\/?p=952"},"modified":"2015-08-21T23:13:09","modified_gmt":"2015-08-21T23:13:09","slug":"integrantes-del-minvu-participan-en-curso-sobre-funcion-publica-civil-y-estatuto-administrativo","status":"publish","type":"post","link":"https:\/\/ena.cl\/?p=952","title":{"rendered":"Integrantes del MINVU participan en curso sobre funci\u00f3n p\u00fablica civil y Estatuto Administrativo"},"content":{"rendered":"<p><a href=\"https:\/\/ena.cl\/wp-content\/uploads\/2015\/08\/foto1-minvu.jpg\"><img loading=\"lazy\" decoding=\"async\" class=\"alignleft size-medium wp-image-953\" src=\"https:\/\/ena.cl\/wp-content\/uploads\/2015\/08\/foto1-minvu-300x204.jpg\" alt=\"foto1-minvu\" width=\"300\" height=\"204\" srcset=\"https:\/\/ena.cl\/wp-content\/uploads\/2015\/08\/foto1-minvu-300x204.jpg 300w, https:\/\/ena.cl\/wp-content\/uploads\/2015\/08\/foto1-minvu.jpg 600w\" sizes=\"auto, (max-width: 300px) 100vw, 300px\" \/><\/a>Entender y aplicar el r\u00e9gimen jur\u00eddico vigente, en relaci\u00f3n a la funci\u00f3n p\u00fablica civil del Estado regulada en el Estatuto Administrativo y el Principio de la Probidad, fue el principal objetivo de este curso.<\/p>\n<p>En esta capacitaci\u00f3n participaron 15 integrantes del Ministerio de Vivienda y Urbanismo (MINVU) quienes asistieron a las clases dictadas el 29, 30 y 31 de julio, y el 03 y 04 de agosto.<\/p>\n<p>En total fueron 21 horas cronol\u00f3gicas destinadas a que sus participantes perfeccionaran y actualizaran sus conocimientos, a fin de interpretar el Estatuto Administrativo y dem\u00e1s normas complementarias, como sus reglamentos.<\/p>\n<p>Para ello, los contenidos revisados se insertaron dentro de: funci\u00f3n p\u00fablica civil del Estado, Estatuto Administrativo y Nuevo Trato Laboral, Probidad Administrativa y Transparencia y proceso administrativo.<\/p>\n<p>La metodolog\u00eda incluy\u00f3 clases te\u00f3rico &#8211; pr\u00e1cticas, con desarrollo de los temas y ejercicios que permitieron aplicar lo explicado por el docente; estas actividades se realizan con un enfoque de aprendizaje de adultos, lo que permite fortalecer de manera m\u00e1s \u00f3ptima, las competencias de los estudiantes.<\/p>\n","protected":false},"excerpt":{"rendered":"<p>Entender y aplicar el r\u00e9gimen jur\u00eddico vigente, en relaci\u00f3n a la funci\u00f3n p\u00fablica civil del Estado regulada en el Estatuto Administrativo y el Principio de la Probidad, fue el principal objetivo de este curso. En esta capacitaci\u00f3n participaron 15 integrantes del Ministerio de Vivienda y Urbanismo (MINVU) quienes asistieron a las clases dictadas el 29,&hellip;<\/p>\n","protected":false},"author":3,"featured_media":953,"comment_status":"closed","ping_status":"closed","sticky":false,"template":"","format":"standard","meta":{"footnotes":""},"categories":[2,15],"tags":[],"class_list":["post-952","post","type-post","status-publish","format-standard","has-post-thumbnail","hentry","category-noticias","category-ultimos-cursos","category-2","category-15","description-off"],"_links":{"self":[{"href":"https:\/\/ena.cl\/index.php?rest_route=\/wp\/v2\/posts\/952","targetHints":{"allow":["GET"]}}],"collection":[{"href":"https:\/\/ena.cl\/index.php?rest_route=\/wp\/v2\/posts"}],"about":[{"href":"https:\/\/ena.cl\/index.php?rest_route=\/wp\/v2\/types\/post"}],"author":[{"embeddable":true,"href":"https:\/\/ena.cl\/index.php?rest_route=\/wp\/v2\/users\/3"}],"replies":[{"embeddable":true,"href":"https:\/\/ena.cl\/index.php?rest_route=%2Fwp%2Fv2%2Fcomments&post=952"}],"version-history":[{"count":1,"href":"https:\/\/ena.cl\/index.php?rest_route=\/wp\/v2\/posts\/952\/revisions"}],"predecessor-version":[{"id":954,"href":"https:\/\/ena.cl\/index.php?rest_route=\/wp\/v2\/posts\/952\/revisions\/954"}],"wp:featuredmedia":[{"embeddable":true,"href":"https:\/\/ena.cl\/index.php?rest_route=\/wp\/v2\/media\/953"}],"wp:attachment":[{"href":"https:\/\/ena.cl\/index.php?rest_route=%2Fwp%2Fv2%2Fmedia&parent=952"}],"wp:term":[{"taxonomy":"category","embeddable":true,"href":"https:\/\/ena.cl\/index.php?rest_route=%2Fwp%2Fv2%2Fcategories&post=952"},{"taxonomy":"post_tag","embeddable":true,"href":"https:\/\/ena.cl\/index.php?rest_route=%2Fwp%2Fv2%2Ftags&post=952"}],"curies":[{"name":"wp","href":"https:\/\/api.w.org\/{rel}","templated":true}]}}