{"id":940,"date":"2015-08-01T01:04:00","date_gmt":"2015-08-01T01:04:00","guid":{"rendered":"https:\/\/ena.cl\/?p=940"},"modified":"2015-08-01T01:04:00","modified_gmt":"2015-08-01T01:04:00","slug":"gestion-de-evaluacion-del-desempeno-para-funcionarios-de-ex-posta-central","status":"publish","type":"post","link":"https:\/\/ena.cl\/?p=940","title":{"rendered":"Gesti\u00f3n de Evaluaci\u00f3n del Desempe\u00f1o para funcionarios de ex Posta Central"},"content":{"rendered":"<p><a href=\"https:\/\/ena.cl\/wp-content\/uploads\/2015\/08\/foto4-ex-posta-central.jpg\"><img loading=\"lazy\" decoding=\"async\" class=\"alignleft size-medium wp-image-941\" src=\"https:\/\/ena.cl\/wp-content\/uploads\/2015\/08\/foto4-ex-posta-central-300x204.jpg\" alt=\"foto4-ex-posta-central\" width=\"300\" height=\"204\" srcset=\"https:\/\/ena.cl\/wp-content\/uploads\/2015\/08\/foto4-ex-posta-central-300x204.jpg 300w, https:\/\/ena.cl\/wp-content\/uploads\/2015\/08\/foto4-ex-posta-central.jpg 600w\" sizes=\"auto, (max-width: 300px) 100vw, 300px\" \/><\/a>En dos grupos se realiz\u00f3, durante la \u00faltima semana de julio, esta capacitaci\u00f3n para funcionarios del Hospital de Urgencia Asistencia P\u00fablica de Santiago.<\/p>\n<p>Este curso tuvo como objetivo que sus participantes fortalecieran sus competencias para desempe\u00f1arse eficaz y correctamente en el proceso de evaluaci\u00f3n de desempe\u00f1o, ya sea en calidad de integrante de la Junta Calificadora, Dirigente Gremial, Precalificador o Calificado.<\/p>\n<p>En este contexto revisaron contenidos referidos a: Contexto y normativa de la evaluaci\u00f3n de desempe\u00f1o; objeto y metodolog\u00eda de este proceso; efectos de las calificaciones; gesti\u00f3n por competencias y jurisprudencia administrativa.<\/p>\n<p>La capacitaci\u00f3n tuvo una duraci\u00f3n de 21 horas pedag\u00f3gicas, distribuidas en dos jornadas de estudio. En ellas se realizaron clases te\u00f3rico- pr\u00e1cticas con un enfoque en formaci\u00f3n de adultos, basadas en la experiencia laboral, amplia y coherente, donde cada participante toma la responsabilidad de integrar y aplicar lo aprendido en su realidad laboral.<\/p>\n","protected":false},"excerpt":{"rendered":"<p>En dos grupos se realiz\u00f3, durante la \u00faltima semana de julio, esta capacitaci\u00f3n para funcionarios del Hospital de Urgencia Asistencia P\u00fablica de Santiago. Este curso tuvo como objetivo que sus participantes fortalecieran sus competencias para desempe\u00f1arse eficaz y correctamente en el proceso de evaluaci\u00f3n de desempe\u00f1o, ya sea en calidad de integrante de la Junta&hellip;<\/p>\n","protected":false},"author":1,"featured_media":941,"comment_status":"closed","ping_status":"closed","sticky":false,"template":"","format":"standard","meta":{"footnotes":""},"categories":[2,15],"tags":[],"class_list":["post-940","post","type-post","status-publish","format-standard","has-post-thumbnail","hentry","category-noticias","category-ultimos-cursos","category-2","category-15","description-off"],"_links":{"self":[{"href":"https:\/\/ena.cl\/index.php?rest_route=\/wp\/v2\/posts\/940","targetHints":{"allow":["GET"]}}],"collection":[{"href":"https:\/\/ena.cl\/index.php?rest_route=\/wp\/v2\/posts"}],"about":[{"href":"https:\/\/ena.cl\/index.php?rest_route=\/wp\/v2\/types\/post"}],"author":[{"embeddable":true,"href":"https:\/\/ena.cl\/index.php?rest_route=\/wp\/v2\/users\/1"}],"replies":[{"embeddable":true,"href":"https:\/\/ena.cl\/index.php?rest_route=%2Fwp%2Fv2%2Fcomments&post=940"}],"version-history":[{"count":1,"href":"https:\/\/ena.cl\/index.php?rest_route=\/wp\/v2\/posts\/940\/revisions"}],"predecessor-version":[{"id":942,"href":"https:\/\/ena.cl\/index.php?rest_route=\/wp\/v2\/posts\/940\/revisions\/942"}],"wp:featuredmedia":[{"embeddable":true,"href":"https:\/\/ena.cl\/index.php?rest_route=\/wp\/v2\/media\/941"}],"wp:attachment":[{"href":"https:\/\/ena.cl\/index.php?rest_route=%2Fwp%2Fv2%2Fmedia&parent=940"}],"wp:term":[{"taxonomy":"category","embeddable":true,"href":"https:\/\/ena.cl\/index.php?rest_route=%2Fwp%2Fv2%2Fcategories&post=940"},{"taxonomy":"post_tag","embeddable":true,"href":"https:\/\/ena.cl\/index.php?rest_route=%2Fwp%2Fv2%2Ftags&post=940"}],"curies":[{"name":"wp","href":"https:\/\/api.w.org\/{rel}","templated":true}]}}