{"id":937,"date":"2015-08-01T01:02:33","date_gmt":"2015-08-01T01:02:33","guid":{"rendered":"https:\/\/ena.cl\/?p=937"},"modified":"2015-08-01T01:02:33","modified_gmt":"2015-08-01T01:02:33","slug":"funcionarios-del-hospital-gustavo-fricke-toman-curso-sobre-estatuto-administrativo","status":"publish","type":"post","link":"https:\/\/ena.cl\/?p=937","title":{"rendered":"Funcionarios del Hospital Gustavo Fricke toman curso sobre Estatuto Administrativo"},"content":{"rendered":"<p><a href=\"https:\/\/ena.cl\/wp-content\/uploads\/2015\/08\/foto4-gustavo-fricke.jpg\"><img loading=\"lazy\" decoding=\"async\" class=\"alignleft size-medium wp-image-938\" src=\"https:\/\/ena.cl\/wp-content\/uploads\/2015\/08\/foto4-gustavo-fricke-300x204.jpg\" alt=\"foto4-gustavo-fricke\" width=\"300\" height=\"204\" srcset=\"https:\/\/ena.cl\/wp-content\/uploads\/2015\/08\/foto4-gustavo-fricke-300x204.jpg 300w, https:\/\/ena.cl\/wp-content\/uploads\/2015\/08\/foto4-gustavo-fricke.jpg 600w\" sizes=\"auto, (max-width: 300px) 100vw, 300px\" \/><\/a>17 integrantes del Hospital Gustavo Fricke participaron de esta capacitaci\u00f3n realizada el 27 y 28 de julio en Vi\u00f1a del Mar, con un total de 21 horas pedag\u00f3gicas.<\/p>\n<p>El objetivo principal de este curso fue que sus participantes adquirieran las competencias para interpretar y aplicar el Estatuto Administrativo y dem\u00e1s normas complementarias, con especial atenci\u00f3n a las disposiciones que en materia de personal, ha incorporado la Ley de Autoridad Sanitaria.<\/p>\n<p>Esta capacitaci\u00f3n, dise\u00f1ada por ENA, se presenta en siete unidades de estudio las que se distribuyen conforme al orden de los T\u00edtulos del Estatuto Administrativo: Reforma al modelo de salud chileno; Estatuto Administrativo, Nuevo Trato Laboral y normas especiales incorporadas por la Ley de Autoridad Sanitaria; Estatuto de los Profesionales Funcionarios; Remuneraciones del personal de la salud; Probidad Administrativa y Responsabilidad Funcionaria; Ley 19.880 sobre Bases de los Procedimientos Administrativos o \u201cdel Silencio Administrativo\u201d y Ley de Transparencia Administrativa; y modificaciones introducidas al Estatuto Administrativo.<\/p>\n<p>Estos contenidos fueron facilitados por el docente Gast\u00f3n Torrijos, quien es abogado, profesor de Derecho P\u00fablico y Administrativo, especialista en Funci\u00f3n P\u00fablica y Mag\u00edster en Derecho de la<\/p>\n","protected":false},"excerpt":{"rendered":"<p>17 integrantes del Hospital Gustavo Fricke participaron de esta capacitaci\u00f3n realizada el 27 y 28 de julio en Vi\u00f1a del Mar, con un total de 21 horas pedag\u00f3gicas. El objetivo principal de este curso fue que sus participantes adquirieran las competencias para interpretar y aplicar el Estatuto Administrativo y dem\u00e1s normas complementarias, con especial atenci\u00f3n&hellip;<\/p>\n","protected":false},"author":1,"featured_media":938,"comment_status":"closed","ping_status":"closed","sticky":false,"template":"","format":"standard","meta":{"footnotes":""},"categories":[2,15],"tags":[],"class_list":["post-937","post","type-post","status-publish","format-standard","has-post-thumbnail","hentry","category-noticias","category-ultimos-cursos","category-2","category-15","description-off"],"_links":{"self":[{"href":"https:\/\/ena.cl\/index.php?rest_route=\/wp\/v2\/posts\/937","targetHints":{"allow":["GET"]}}],"collection":[{"href":"https:\/\/ena.cl\/index.php?rest_route=\/wp\/v2\/posts"}],"about":[{"href":"https:\/\/ena.cl\/index.php?rest_route=\/wp\/v2\/types\/post"}],"author":[{"embeddable":true,"href":"https:\/\/ena.cl\/index.php?rest_route=\/wp\/v2\/users\/1"}],"replies":[{"embeddable":true,"href":"https:\/\/ena.cl\/index.php?rest_route=%2Fwp%2Fv2%2Fcomments&post=937"}],"version-history":[{"count":1,"href":"https:\/\/ena.cl\/index.php?rest_route=\/wp\/v2\/posts\/937\/revisions"}],"predecessor-version":[{"id":939,"href":"https:\/\/ena.cl\/index.php?rest_route=\/wp\/v2\/posts\/937\/revisions\/939"}],"wp:featuredmedia":[{"embeddable":true,"href":"https:\/\/ena.cl\/index.php?rest_route=\/wp\/v2\/media\/938"}],"wp:attachment":[{"href":"https:\/\/ena.cl\/index.php?rest_route=%2Fwp%2Fv2%2Fmedia&parent=937"}],"wp:term":[{"taxonomy":"category","embeddable":true,"href":"https:\/\/ena.cl\/index.php?rest_route=%2Fwp%2Fv2%2Fcategories&post=937"},{"taxonomy":"post_tag","embeddable":true,"href":"https:\/\/ena.cl\/index.php?rest_route=%2Fwp%2Fv2%2Ftags&post=937"}],"curies":[{"name":"wp","href":"https:\/\/api.w.org\/{rel}","templated":true}]}}