{"id":934,"date":"2015-08-01T01:00:00","date_gmt":"2015-08-01T01:00:00","guid":{"rendered":"https:\/\/ena.cl\/?p=934"},"modified":"2015-08-01T01:01:10","modified_gmt":"2015-08-01T01:01:10","slug":"curso-sobre-estatuto-administrativo-y-probidad-para-seremi-salud-region-de-coquimbo","status":"publish","type":"post","link":"https:\/\/ena.cl\/?p=934","title":{"rendered":"Curso sobre Estatuto Administrativo y Probidad para Seremi Salud Regi\u00f3n de Coquimbo"},"content":{"rendered":"<p><a href=\"https:\/\/ena.cl\/wp-content\/uploads\/2015\/08\/foto3-seremi-coquimbo.jpg\"><img loading=\"lazy\" decoding=\"async\" class=\"alignleft size-medium wp-image-935\" src=\"https:\/\/ena.cl\/wp-content\/uploads\/2015\/08\/foto3-seremi-coquimbo-300x204.jpg\" alt=\"foto3-seremi-coquimbo\" width=\"300\" height=\"204\" srcset=\"https:\/\/ena.cl\/wp-content\/uploads\/2015\/08\/foto3-seremi-coquimbo-300x204.jpg 300w, https:\/\/ena.cl\/wp-content\/uploads\/2015\/08\/foto3-seremi-coquimbo.jpg 600w\" sizes=\"auto, (max-width: 300px) 100vw, 300px\" \/><\/a>Conocer las diversas implicancias del Estatuto Administrativo fue el principal objetivo de este curso contratado por la Secretar\u00eda Regional Ministerial de Salud de la Regi\u00f3n de Coquimbo.<\/p>\n<p>La capacitaci\u00f3n se realiz\u00f3 el 23 y 24 de julio en el Hotel Campanario del Mar, ubicado en La Serena, y en ella participaron 15 funcionarios de este servicio p\u00fablico. Tuvo una duraci\u00f3n de 20 horas cronol\u00f3gicas.<\/p>\n<p>Lo que se buscaba con este curso es que sus participantes conocieran de manera clara y transparente: formas de ingreso a la administraci\u00f3n p\u00fablica; derechos, obligaciones, desempe\u00f1o y responsabilidad administrativa que les compete a los funcionarios; expiraci\u00f3n del personal p\u00fablico y dem\u00e1s condiciones que inciden en el desarrollo de la funci\u00f3n p\u00fablica.<\/p>\n<p>Para ello, los contenidos abordados principalmente refirieron a: C\u00f3digo de \u00c9tica de los funcionarios p\u00fablicos, con los principios y normas que los rigen; responsabilidad funcionaria; dilema \u00e9tico y pol\u00edticas para una correcta gesti\u00f3n de la \u00e9tica p\u00fablica.<\/p>\n","protected":false},"excerpt":{"rendered":"<p>Conocer las diversas implicancias del Estatuto Administrativo fue el principal objetivo de este curso contratado por la Secretar\u00eda Regional Ministerial de Salud de la Regi\u00f3n de Coquimbo. La capacitaci\u00f3n se realiz\u00f3 el 23 y 24 de julio en el Hotel Campanario del Mar, ubicado en La Serena, y en ella participaron 15 funcionarios de este&hellip;<\/p>\n","protected":false},"author":1,"featured_media":935,"comment_status":"closed","ping_status":"closed","sticky":false,"template":"","format":"standard","meta":{"footnotes":""},"categories":[2,15],"tags":[],"class_list":["post-934","post","type-post","status-publish","format-standard","has-post-thumbnail","hentry","category-noticias","category-ultimos-cursos","category-2","category-15","description-off"],"_links":{"self":[{"href":"https:\/\/ena.cl\/index.php?rest_route=\/wp\/v2\/posts\/934","targetHints":{"allow":["GET"]}}],"collection":[{"href":"https:\/\/ena.cl\/index.php?rest_route=\/wp\/v2\/posts"}],"about":[{"href":"https:\/\/ena.cl\/index.php?rest_route=\/wp\/v2\/types\/post"}],"author":[{"embeddable":true,"href":"https:\/\/ena.cl\/index.php?rest_route=\/wp\/v2\/users\/1"}],"replies":[{"embeddable":true,"href":"https:\/\/ena.cl\/index.php?rest_route=%2Fwp%2Fv2%2Fcomments&post=934"}],"version-history":[{"count":1,"href":"https:\/\/ena.cl\/index.php?rest_route=\/wp\/v2\/posts\/934\/revisions"}],"predecessor-version":[{"id":936,"href":"https:\/\/ena.cl\/index.php?rest_route=\/wp\/v2\/posts\/934\/revisions\/936"}],"wp:featuredmedia":[{"embeddable":true,"href":"https:\/\/ena.cl\/index.php?rest_route=\/wp\/v2\/media\/935"}],"wp:attachment":[{"href":"https:\/\/ena.cl\/index.php?rest_route=%2Fwp%2Fv2%2Fmedia&parent=934"}],"wp:term":[{"taxonomy":"category","embeddable":true,"href":"https:\/\/ena.cl\/index.php?rest_route=%2Fwp%2Fv2%2Fcategories&post=934"},{"taxonomy":"post_tag","embeddable":true,"href":"https:\/\/ena.cl\/index.php?rest_route=%2Fwp%2Fv2%2Ftags&post=934"}],"curies":[{"name":"wp","href":"https:\/\/api.w.org\/{rel}","templated":true}]}}