{"id":928,"date":"2015-08-01T00:56:41","date_gmt":"2015-08-01T00:56:41","guid":{"rendered":"https:\/\/ena.cl\/?p=928"},"modified":"2015-08-01T00:56:41","modified_gmt":"2015-08-01T00:56:41","slug":"servicio-de-salud-de-iquique-se-capacita-en-probidad-y-transparencia","status":"publish","type":"post","link":"https:\/\/ena.cl\/?p=928","title":{"rendered":"Servicio de Salud de Iquique se capacita en Probidad y Transparencia"},"content":{"rendered":"<p><a href=\"https:\/\/ena.cl\/wp-content\/uploads\/2015\/08\/Foto1-ss-probidad.jpg\"><img loading=\"lazy\" decoding=\"async\" class=\"alignleft size-medium wp-image-929\" src=\"https:\/\/ena.cl\/wp-content\/uploads\/2015\/08\/Foto1-ss-probidad-300x204.jpg\" alt=\"Foto1-ss-probidad\" width=\"300\" height=\"204\" srcset=\"https:\/\/ena.cl\/wp-content\/uploads\/2015\/08\/Foto1-ss-probidad-300x204.jpg 300w, https:\/\/ena.cl\/wp-content\/uploads\/2015\/08\/Foto1-ss-probidad.jpg 600w\" sizes=\"auto, (max-width: 300px) 100vw, 300px\" \/><\/a>Con el prop\u00f3sito que los funcionarios integrantes de los equipos de trabajo de la red asistencial, lograran mejorar sus competencias para otorgar un servicio de calidad a los usuarios del sistema en la Regi\u00f3n de Tarapac\u00e1, el Servicio de Salud de Iquique particip\u00f3 de la capacitaci\u00f3n sobre Probidad y Transparencia.<\/p>\n<p>En la actividad -realizada el 09 y 10 de julio en el auditorio del Gobierno Regional- se capacitaron 21 funcionarios del citado servicio, con un total de 16 horas cronol\u00f3gicas.<\/p>\n<p>El objetivo de este curso fue fortalecer las competencias de sus participantes, de manera tal que les permitiera valorar la institucionalidad en que se funda el servicio p\u00fablico en materia de probidad y transparencia.<\/p>\n<p>Para ello, los contenidos revisados fueron: Funci\u00f3n p\u00fablica y probidad administrativa, normas que la resguardan, el Principio de Transparencia, normas de prevenci\u00f3n de conflictos de intereses, responsabilidad de los funcionarios p\u00fablicos y propuestas para el fortalecimiento de la probidad.<\/p>\n","protected":false},"excerpt":{"rendered":"<p>Con el prop\u00f3sito que los funcionarios integrantes de los equipos de trabajo de la red asistencial, lograran mejorar sus competencias para otorgar un servicio de calidad a los usuarios del sistema en la Regi\u00f3n de Tarapac\u00e1, el Servicio de Salud de Iquique particip\u00f3 de la capacitaci\u00f3n sobre Probidad y Transparencia. En la actividad -realizada el&hellip;<\/p>\n","protected":false},"author":1,"featured_media":929,"comment_status":"closed","ping_status":"closed","sticky":false,"template":"","format":"standard","meta":{"footnotes":""},"categories":[2,15],"tags":[],"class_list":["post-928","post","type-post","status-publish","format-standard","has-post-thumbnail","hentry","category-noticias","category-ultimos-cursos","category-2","category-15","description-off"],"_links":{"self":[{"href":"https:\/\/ena.cl\/index.php?rest_route=\/wp\/v2\/posts\/928","targetHints":{"allow":["GET"]}}],"collection":[{"href":"https:\/\/ena.cl\/index.php?rest_route=\/wp\/v2\/posts"}],"about":[{"href":"https:\/\/ena.cl\/index.php?rest_route=\/wp\/v2\/types\/post"}],"author":[{"embeddable":true,"href":"https:\/\/ena.cl\/index.php?rest_route=\/wp\/v2\/users\/1"}],"replies":[{"embeddable":true,"href":"https:\/\/ena.cl\/index.php?rest_route=%2Fwp%2Fv2%2Fcomments&post=928"}],"version-history":[{"count":1,"href":"https:\/\/ena.cl\/index.php?rest_route=\/wp\/v2\/posts\/928\/revisions"}],"predecessor-version":[{"id":930,"href":"https:\/\/ena.cl\/index.php?rest_route=\/wp\/v2\/posts\/928\/revisions\/930"}],"wp:featuredmedia":[{"embeddable":true,"href":"https:\/\/ena.cl\/index.php?rest_route=\/wp\/v2\/media\/929"}],"wp:attachment":[{"href":"https:\/\/ena.cl\/index.php?rest_route=%2Fwp%2Fv2%2Fmedia&parent=928"}],"wp:term":[{"taxonomy":"category","embeddable":true,"href":"https:\/\/ena.cl\/index.php?rest_route=%2Fwp%2Fv2%2Fcategories&post=928"},{"taxonomy":"post_tag","embeddable":true,"href":"https:\/\/ena.cl\/index.php?rest_route=%2Fwp%2Fv2%2Ftags&post=928"}],"curies":[{"name":"wp","href":"https:\/\/api.w.org\/{rel}","templated":true}]}}