{"id":902,"date":"2015-07-15T14:35:38","date_gmt":"2015-07-15T14:35:38","guid":{"rendered":"https:\/\/ena.cl\/?p=902"},"modified":"2015-07-15T14:36:53","modified_gmt":"2015-07-15T14:36:53","slug":"gestion-del-cuidado-y-estatuto-administrativo-para-enfermeras-de-punta-arenas","status":"publish","type":"post","link":"https:\/\/ena.cl\/?p=902","title":{"rendered":"Gesti\u00f3n del Cuidado y Estatuto Administrativo para Enfermeras de Punta Arenas"},"content":{"rendered":"<p><a href=\"https:\/\/ena.cl\/wp-content\/uploads\/2015\/07\/EAGC3.jpg\"><img loading=\"lazy\" decoding=\"async\" class=\"alignleft  wp-image-905\" src=\"https:\/\/ena.cl\/wp-content\/uploads\/2015\/07\/EAGC3-201x300.jpg\" alt=\"EAGC3\" width=\"181\" height=\"270\" srcset=\"https:\/\/ena.cl\/wp-content\/uploads\/2015\/07\/EAGC3-201x300.jpg 201w, https:\/\/ena.cl\/wp-content\/uploads\/2015\/07\/EAGC3.jpg 429w\" sizes=\"auto, (max-width: 181px) 100vw, 181px\" \/><\/a>En la hermosa y completamente nevada ciudad de Punta Arenas se desarroll\u00f3 a principios del mes de julio el Curso denominado \u201cRol de Enfermer\u00eda, Estatuto Administrativo y Gesti\u00f3n del Cuidado\u201d para un total de 40 Enfermeras y Enfermeros del Hospital Cl\u00ednico de Magallanes Dr. Lautaro Navarro Avaria de Punta Arenas.<\/p>\n<p>La actividad, organizada por el Hospital en conjunto con la Asociaci\u00f3n Nacional de Enfermeras y Enfermeros \u201cASENF\u201d tuvo como objetivo general que sus estudiantes conocieran, en el marco de la legislaci\u00f3n y reglamentaci\u00f3n laboral vigente, cu\u00e1les son los alcances legales e interpretaciones jurisprudenciales de los servicios profesionales de Enfermer\u00eda, ya sea como rol propio o como rol de colaboraci\u00f3n m\u00e9dica, en el marco de lo dispuesto en el C\u00f3digo Sanitario, la Norma General Administrativa N\u00ba19 sobre Gesti\u00f3n del Cuidado, el Estatuto Administrativo y la Ley de Autoridad Sanitaria.<\/p>\n<p>Entre los contenidos abordados, se destac\u00f3 adem\u00e1s del marco \u00e9tico de la Enfermer\u00eda, las Bases Org\u00e1nicas Funcionales de la Gesti\u00f3n del Cuidado para la atenci\u00f3n cerrada; los alcances interpretativos de la jurisprudencia de la Contralor\u00eda General para este tema; y la Ley 20.584 sobre derechos y deberes que las personas tienen en relaci\u00f3n a su atenci\u00f3n de salud.<\/p>\n<p>&nbsp;<\/p>\n<p style=\"text-align: justify;\"><img loading=\"lazy\" decoding=\"async\" class=\"alignright wp-image-904 \" src=\"https:\/\/ena.cl\/wp-content\/uploads\/2015\/07\/EAGC2-min-300x204.jpg\" alt=\"EAGC2-min\" width=\"274\" height=\"186\" srcset=\"https:\/\/ena.cl\/wp-content\/uploads\/2015\/07\/EAGC2-min-300x204.jpg 300w, https:\/\/ena.cl\/wp-content\/uploads\/2015\/07\/EAGC2-min.jpg 600w\" sizes=\"auto, (max-width: 274px) 100vw, 274px\" \/>Finalmente el curso permiti\u00f3 tambi\u00e9n abordar la pol\u00e9mica sucitada a prop\u00f3sito de los alcances de la Norma\u00a0General Administrativa N\u00ba21 sobre Administraci\u00f3n del Cuidado de Profesionales Matronas y Matrones para la atenci\u00f3n cerrada y el reciente Dictamen de la Contralor\u00eda General de la Rep\u00fablica N\u00ba 46.357 de 10 de junio de 2015 que dispone que \u201cel desempe\u00f1o de labores en las unidades de obstetricia, ginecolog\u00eda y neonatolog\u00eda no es exclusivo de las matronas o matrones\u201d todo lo anterior con un nutrido estudio de casos pr\u00e1cticos emanados de las diferentes experiencias en el ejercicio de la profesi\u00f3n.<\/p>\n","protected":false},"excerpt":{"rendered":"<p>En la hermosa y completamente nevada ciudad de Punta Arenas se desarroll\u00f3 a principios del mes de julio el Curso denominado \u201cRol de Enfermer\u00eda, Estatuto Administrativo y Gesti\u00f3n del Cuidado\u201d para un total de 40 Enfermeras y Enfermeros del Hospital Cl\u00ednico de Magallanes Dr. Lautaro Navarro Avaria de Punta Arenas. La actividad, organizada por el&hellip;<\/p>\n","protected":false},"author":3,"featured_media":903,"comment_status":"closed","ping_status":"closed","sticky":false,"template":"","format":"standard","meta":{"footnotes":""},"categories":[2,15],"tags":[],"class_list":["post-902","post","type-post","status-publish","format-standard","has-post-thumbnail","hentry","category-noticias","category-ultimos-cursos","category-2","category-15","description-off"],"_links":{"self":[{"href":"https:\/\/ena.cl\/index.php?rest_route=\/wp\/v2\/posts\/902","targetHints":{"allow":["GET"]}}],"collection":[{"href":"https:\/\/ena.cl\/index.php?rest_route=\/wp\/v2\/posts"}],"about":[{"href":"https:\/\/ena.cl\/index.php?rest_route=\/wp\/v2\/types\/post"}],"author":[{"embeddable":true,"href":"https:\/\/ena.cl\/index.php?rest_route=\/wp\/v2\/users\/3"}],"replies":[{"embeddable":true,"href":"https:\/\/ena.cl\/index.php?rest_route=%2Fwp%2Fv2%2Fcomments&post=902"}],"version-history":[{"count":3,"href":"https:\/\/ena.cl\/index.php?rest_route=\/wp\/v2\/posts\/902\/revisions"}],"predecessor-version":[{"id":908,"href":"https:\/\/ena.cl\/index.php?rest_route=\/wp\/v2\/posts\/902\/revisions\/908"}],"wp:featuredmedia":[{"embeddable":true,"href":"https:\/\/ena.cl\/index.php?rest_route=\/wp\/v2\/media\/903"}],"wp:attachment":[{"href":"https:\/\/ena.cl\/index.php?rest_route=%2Fwp%2Fv2%2Fmedia&parent=902"}],"wp:term":[{"taxonomy":"category","embeddable":true,"href":"https:\/\/ena.cl\/index.php?rest_route=%2Fwp%2Fv2%2Fcategories&post=902"},{"taxonomy":"post_tag","embeddable":true,"href":"https:\/\/ena.cl\/index.php?rest_route=%2Fwp%2Fv2%2Ftags&post=902"}],"curies":[{"name":"wp","href":"https:\/\/api.w.org\/{rel}","templated":true}]}}