{"id":898,"date":"2015-07-15T14:32:14","date_gmt":"2015-07-15T14:32:14","guid":{"rendered":"https:\/\/ena.cl\/?p=898"},"modified":"2015-07-15T14:32:14","modified_gmt":"2015-07-15T14:32:14","slug":"subsecretaria-del-trabajo-se-perfecciono-en-norma-iso-sobre-gestion-de-calidad","status":"publish","type":"post","link":"https:\/\/ena.cl\/?p=898","title":{"rendered":"Subsecretar\u00eda del Trabajo se perfeccion\u00f3 en Norma ISO sobre Gesti\u00f3n de Calidad"},"content":{"rendered":"<p><a href=\"https:\/\/ena.cl\/wp-content\/uploads\/2015\/07\/NISO2-min.jpg\"><img loading=\"lazy\" decoding=\"async\" class=\"alignleft size-medium wp-image-900\" src=\"https:\/\/ena.cl\/wp-content\/uploads\/2015\/07\/NISO2-min-300x204.jpg\" alt=\"NISO2-min\" width=\"300\" height=\"204\" srcset=\"https:\/\/ena.cl\/wp-content\/uploads\/2015\/07\/NISO2-min-300x204.jpg 300w, https:\/\/ena.cl\/wp-content\/uploads\/2015\/07\/NISO2-min.jpg 600w\" sizes=\"auto, (max-width: 300px) 100vw, 300px\" \/><\/a>Que los estudiantes sean capaces de reconocer los conceptos fundamentales relacionados con la gesti\u00f3n de la calidad, identificando cada uno de los \u00edtems normativos de la Norma ISO 9001:2008, fue el principal objetivo de este curso preparado por ENA.<\/p>\n<p>Es as\u00ed que durante el pasado mes de junio, 14 funcionarios de la Subsecretar\u00eda del Trabajo, cursaron este perfeccionamiento, dictado por el docente Manuel Rodr\u00edguez Droguett, quien es Ingeniero y Auditor L\u00edder de Sistemas de Calidad.<\/p>\n<p>Dentro de los contenidos abordados estuvieron: La gesti\u00f3n de la calidad, la Norma ISO 9001:2008 sus Procedimientos y Registros, as\u00ed como tambi\u00e9n la metodolog\u00eda para el desarrollo de un Sistema de Gesti\u00f3n de Calidad.<\/p>\n<p>El curso que tuvo una duraci\u00f3n de 21 horas pedag\u00f3gicas, se desarroll\u00f3 en tres jornadas de trabajo esencialmente pr\u00e1cticas, con ejercicios dise\u00f1ados para propiciar la participaci\u00f3n de los alumnos y el fortalecimiento de sus competencias.<\/p>\n<p>&nbsp;<\/p>\n","protected":false},"excerpt":{"rendered":"<p>Que los estudiantes sean capaces de reconocer los conceptos fundamentales relacionados con la gesti\u00f3n de la calidad, identificando cada uno de los \u00edtems normativos de la Norma ISO 9001:2008, fue el principal objetivo de este curso preparado por ENA. Es as\u00ed que durante el pasado mes de junio, 14 funcionarios de la Subsecretar\u00eda del Trabajo,&hellip;<\/p>\n","protected":false},"author":3,"featured_media":899,"comment_status":"closed","ping_status":"closed","sticky":false,"template":"","format":"standard","meta":{"footnotes":""},"categories":[2,15],"tags":[],"class_list":["post-898","post","type-post","status-publish","format-standard","has-post-thumbnail","hentry","category-noticias","category-ultimos-cursos","category-2","category-15","description-off"],"_links":{"self":[{"href":"https:\/\/ena.cl\/index.php?rest_route=\/wp\/v2\/posts\/898","targetHints":{"allow":["GET"]}}],"collection":[{"href":"https:\/\/ena.cl\/index.php?rest_route=\/wp\/v2\/posts"}],"about":[{"href":"https:\/\/ena.cl\/index.php?rest_route=\/wp\/v2\/types\/post"}],"author":[{"embeddable":true,"href":"https:\/\/ena.cl\/index.php?rest_route=\/wp\/v2\/users\/3"}],"replies":[{"embeddable":true,"href":"https:\/\/ena.cl\/index.php?rest_route=%2Fwp%2Fv2%2Fcomments&post=898"}],"version-history":[{"count":1,"href":"https:\/\/ena.cl\/index.php?rest_route=\/wp\/v2\/posts\/898\/revisions"}],"predecessor-version":[{"id":901,"href":"https:\/\/ena.cl\/index.php?rest_route=\/wp\/v2\/posts\/898\/revisions\/901"}],"wp:featuredmedia":[{"embeddable":true,"href":"https:\/\/ena.cl\/index.php?rest_route=\/wp\/v2\/media\/899"}],"wp:attachment":[{"href":"https:\/\/ena.cl\/index.php?rest_route=%2Fwp%2Fv2%2Fmedia&parent=898"}],"wp:term":[{"taxonomy":"category","embeddable":true,"href":"https:\/\/ena.cl\/index.php?rest_route=%2Fwp%2Fv2%2Fcategories&post=898"},{"taxonomy":"post_tag","embeddable":true,"href":"https:\/\/ena.cl\/index.php?rest_route=%2Fwp%2Fv2%2Ftags&post=898"}],"curies":[{"name":"wp","href":"https:\/\/api.w.org\/{rel}","templated":true}]}}