{"id":894,"date":"2015-07-15T14:29:46","date_gmt":"2015-07-15T14:29:46","guid":{"rendered":"https:\/\/ena.cl\/?p=894"},"modified":"2015-07-15T14:29:46","modified_gmt":"2015-07-15T14:29:46","slug":"abogados-del-sename-estudian-la-jurisprudencia-de-la-responsabilidad-administrativa","status":"publish","type":"post","link":"https:\/\/ena.cl\/?p=894","title":{"rendered":"Abogados del SENAME estudian la Jurisprudencia de la Responsabilidad Administrativa"},"content":{"rendered":"<p><a href=\"https:\/\/ena.cl\/wp-content\/uploads\/2015\/07\/RAS2-min.jpg\"><img loading=\"lazy\" decoding=\"async\" class=\"alignleft size-medium wp-image-896\" src=\"https:\/\/ena.cl\/wp-content\/uploads\/2015\/07\/RAS2-min-300x204.jpg\" alt=\"RAS2-min\" width=\"300\" height=\"204\" srcset=\"https:\/\/ena.cl\/wp-content\/uploads\/2015\/07\/RAS2-min-300x204.jpg 300w, https:\/\/ena.cl\/wp-content\/uploads\/2015\/07\/RAS2-min.jpg 600w\" sizes=\"auto, (max-width: 300px) 100vw, 300px\" \/><\/a>Treinta y dos Abogados, provenientes de las Unidades Jur\u00eddicas Regionales y el Departamento Jur\u00eddico de la Direcci\u00f3n Nacional del Servicio Nacional de Menores, se capacitaron en la Jurisprudencia de la Responsabilidad Administrativa y el Uso y Circulaci\u00f3n de Veh\u00edculos Fiscales.<\/p>\n<p>El objetivo de este Curso fue que sus estudiantes, a trav\u00e9s del an\u00e1lisis y revisi\u00f3n de casos pr\u00e1cticos, abordaran los principales aspectos tanto de los procedimientos disciplinarios como de la administraci\u00f3n y custodia de los veh\u00edculos fiscales, con la finalidad de fortalecer el eficiente desempe\u00f1o de sus funciones letradas con sujeci\u00f3n estricta a la normativa legal y jurisprudencial vigente.<\/p>\n<p>Entre los contenidos abordados se destacan la Responsabilidad Administrativa y su Jurisprudencia Administrativa y Judicial, el Recurso de Protecci\u00f3n, el Estatuto Administrativo y la normativa sobre Probidad y Transparencia contenidas en las leyes 18.575 y 20.285 sobre Acceso a la Informaci\u00f3n P\u00fablica, el Decreto Ley 799 de 1974 y el Oficio 35593 de la Contralor\u00eda General de la Rep\u00fablica de 1995 sobre Uso y Circulaci\u00f3n de Veh\u00edculos Fiscales, la Ley de Procedimiento Administrativo con especial atenci\u00f3n en sus recursos como por ejemplo el Extraordinario de Revisi\u00f3n, y el Reglamento Especial de Sumarios Administrativos de la Contralor\u00eda General de la Rep\u00fablica.<\/p>\n<p>La metodolog\u00eda empleada fue el an\u00e1lisis de casos, mediante clases expositivas, y la revisi\u00f3n de experiencias y jurisprudencia que sustentan los criterios doctrinarios y normativos conocidos, mediante el desarrollo de talleres, los cuales se vieron enriquecidos con la experiencia de los Abogados provenientes desde Arica a la ciudad de Punta Arenas.<\/p>\n<p>El curso tuvo una duraci\u00f3n de 30 horas pedag\u00f3gicas y se realiz\u00f3 en el Sal\u00f3n Andr\u00e9s Bello del Hotel Providencia, en la ciudad de Santiago, en tres jornadas de trabajo durante el pasado mes de junio.<\/p>\n","protected":false},"excerpt":{"rendered":"<p>Treinta y dos Abogados, provenientes de las Unidades Jur\u00eddicas Regionales y el Departamento Jur\u00eddico de la Direcci\u00f3n Nacional del Servicio Nacional de Menores, se capacitaron en la Jurisprudencia de la Responsabilidad Administrativa y el Uso y Circulaci\u00f3n de Veh\u00edculos Fiscales. El objetivo de este Curso fue que sus estudiantes, a trav\u00e9s del an\u00e1lisis y revisi\u00f3n&hellip;<\/p>\n","protected":false},"author":3,"featured_media":895,"comment_status":"closed","ping_status":"closed","sticky":false,"template":"","format":"standard","meta":{"footnotes":""},"categories":[2,15],"tags":[],"class_list":["post-894","post","type-post","status-publish","format-standard","has-post-thumbnail","hentry","category-noticias","category-ultimos-cursos","category-2","category-15","description-off"],"_links":{"self":[{"href":"https:\/\/ena.cl\/index.php?rest_route=\/wp\/v2\/posts\/894","targetHints":{"allow":["GET"]}}],"collection":[{"href":"https:\/\/ena.cl\/index.php?rest_route=\/wp\/v2\/posts"}],"about":[{"href":"https:\/\/ena.cl\/index.php?rest_route=\/wp\/v2\/types\/post"}],"author":[{"embeddable":true,"href":"https:\/\/ena.cl\/index.php?rest_route=\/wp\/v2\/users\/3"}],"replies":[{"embeddable":true,"href":"https:\/\/ena.cl\/index.php?rest_route=%2Fwp%2Fv2%2Fcomments&post=894"}],"version-history":[{"count":1,"href":"https:\/\/ena.cl\/index.php?rest_route=\/wp\/v2\/posts\/894\/revisions"}],"predecessor-version":[{"id":897,"href":"https:\/\/ena.cl\/index.php?rest_route=\/wp\/v2\/posts\/894\/revisions\/897"}],"wp:featuredmedia":[{"embeddable":true,"href":"https:\/\/ena.cl\/index.php?rest_route=\/wp\/v2\/media\/895"}],"wp:attachment":[{"href":"https:\/\/ena.cl\/index.php?rest_route=%2Fwp%2Fv2%2Fmedia&parent=894"}],"wp:term":[{"taxonomy":"category","embeddable":true,"href":"https:\/\/ena.cl\/index.php?rest_route=%2Fwp%2Fv2%2Fcategories&post=894"},{"taxonomy":"post_tag","embeddable":true,"href":"https:\/\/ena.cl\/index.php?rest_route=%2Fwp%2Fv2%2Ftags&post=894"}],"curies":[{"name":"wp","href":"https:\/\/api.w.org\/{rel}","templated":true}]}}