{"id":891,"date":"2015-07-15T14:27:48","date_gmt":"2015-07-15T14:27:48","guid":{"rendered":"https:\/\/ena.cl\/?p=891"},"modified":"2015-07-15T14:27:48","modified_gmt":"2015-07-15T14:27:48","slug":"curso-intensivo-de-compras-y-contratacion-publica-para-la-subsecretaria-del-trabajo","status":"publish","type":"post","link":"https:\/\/ena.cl\/?p=891","title":{"rendered":"Curso Intensivo de Compras y Contrataci\u00f3n P\u00fablica para la Subsecretar\u00eda del Trabajo"},"content":{"rendered":"<p><a href=\"https:\/\/ena.cl\/wp-content\/uploads\/2015\/07\/ccp1-min-ok.jpg\"><img loading=\"lazy\" decoding=\"async\" class=\"alignleft size-medium wp-image-892\" src=\"https:\/\/ena.cl\/wp-content\/uploads\/2015\/07\/ccp1-min-ok-300x204.jpg\" alt=\"ccp1-min-ok\" width=\"300\" height=\"204\" srcset=\"https:\/\/ena.cl\/wp-content\/uploads\/2015\/07\/ccp1-min-ok-300x204.jpg 300w, https:\/\/ena.cl\/wp-content\/uploads\/2015\/07\/ccp1-min-ok.jpg 600w\" sizes=\"auto, (max-width: 300px) 100vw, 300px\" \/><\/a>Profesionales que se encargan de la gesti\u00f3n de compras y contrataciones p\u00fablicas fueron los destinatarios de este curso intensivo desarrollado para la Subsecretar\u00eda del Trabajo.<\/p>\n<p>12 alumnos tuvo esta capacitaci\u00f3n cuyo objetivo fue que sus participantes actualizaran sus competencias en los mecanismos y la org\u00e1nica del sistema de contrataci\u00f3n y compra p\u00fablica; con especial atenci\u00f3n a las modificaciones experimentadas al reglamento, el funcionamiento del Tribunal de Contrataci\u00f3n P\u00fablica y la m\u00e1s reciente jurisprudencia tanto de car\u00e1cter administrativa como judicial.<\/p>\n<p>Este curso se efectu\u00f3 en 21 horas cronol\u00f3gicas, distribuida en cinco jornadas de trabajo, periodo en el cual se revis\u00f3 la normativa general del sistema de contrataci\u00f3n y compras p\u00fablicas, entidades que participan, modificaciones al Reglamento de la Ley de Compras \u2013que entra en vigencia este 10 de agosto- y resoluci\u00f3n de controversias.<\/p>\n<p>La metodolog\u00eda fue presencial y permiti\u00f3 interactuar teor\u00eda y pr\u00e1ctica, por medio de clases expositivas de los contenidos y ejercicios dise\u00f1ados para propiciar la participaci\u00f3n de los estudiantes y su desarrollo de competencias.<\/p>\n","protected":false},"excerpt":{"rendered":"<p>Profesionales que se encargan de la gesti\u00f3n de compras y contrataciones p\u00fablicas fueron los destinatarios de este curso intensivo desarrollado para la Subsecretar\u00eda del Trabajo. 12 alumnos tuvo esta capacitaci\u00f3n cuyo objetivo fue que sus participantes actualizaran sus competencias en los mecanismos y la org\u00e1nica del sistema de contrataci\u00f3n y compra p\u00fablica; con especial atenci\u00f3n&hellip;<\/p>\n","protected":false},"author":3,"featured_media":892,"comment_status":"closed","ping_status":"closed","sticky":false,"template":"","format":"standard","meta":{"footnotes":""},"categories":[2,15],"tags":[],"class_list":["post-891","post","type-post","status-publish","format-standard","has-post-thumbnail","hentry","category-noticias","category-ultimos-cursos","category-2","category-15","description-off"],"_links":{"self":[{"href":"https:\/\/ena.cl\/index.php?rest_route=\/wp\/v2\/posts\/891","targetHints":{"allow":["GET"]}}],"collection":[{"href":"https:\/\/ena.cl\/index.php?rest_route=\/wp\/v2\/posts"}],"about":[{"href":"https:\/\/ena.cl\/index.php?rest_route=\/wp\/v2\/types\/post"}],"author":[{"embeddable":true,"href":"https:\/\/ena.cl\/index.php?rest_route=\/wp\/v2\/users\/3"}],"replies":[{"embeddable":true,"href":"https:\/\/ena.cl\/index.php?rest_route=%2Fwp%2Fv2%2Fcomments&post=891"}],"version-history":[{"count":1,"href":"https:\/\/ena.cl\/index.php?rest_route=\/wp\/v2\/posts\/891\/revisions"}],"predecessor-version":[{"id":893,"href":"https:\/\/ena.cl\/index.php?rest_route=\/wp\/v2\/posts\/891\/revisions\/893"}],"wp:featuredmedia":[{"embeddable":true,"href":"https:\/\/ena.cl\/index.php?rest_route=\/wp\/v2\/media\/892"}],"wp:attachment":[{"href":"https:\/\/ena.cl\/index.php?rest_route=%2Fwp%2Fv2%2Fmedia&parent=891"}],"wp:term":[{"taxonomy":"category","embeddable":true,"href":"https:\/\/ena.cl\/index.php?rest_route=%2Fwp%2Fv2%2Fcategories&post=891"},{"taxonomy":"post_tag","embeddable":true,"href":"https:\/\/ena.cl\/index.php?rest_route=%2Fwp%2Fv2%2Ftags&post=891"}],"curies":[{"name":"wp","href":"https:\/\/api.w.org\/{rel}","templated":true}]}}