{"id":883,"date":"2015-07-15T14:21:32","date_gmt":"2015-07-15T14:21:32","guid":{"rendered":"https:\/\/ena.cl\/?p=883"},"modified":"2015-07-15T14:22:33","modified_gmt":"2015-07-15T14:22:33","slug":"liderazgo-y-cambio-organizacional-para-funcionarios-del-hospital-de-arica","status":"publish","type":"post","link":"https:\/\/ena.cl\/?p=883","title":{"rendered":"Liderazgo y Cambio Organizacional para funcionarios del Hospital de Arica"},"content":{"rendered":"<p><img loading=\"lazy\" decoding=\"async\" class=\"alignleft  wp-image-886\" src=\"https:\/\/ena.cl\/wp-content\/uploads\/2015\/07\/LCO2-203x300.jpg\" alt=\"LCO2\" width=\"210\" height=\"310\" srcset=\"https:\/\/ena.cl\/wp-content\/uploads\/2015\/07\/LCO2-203x300.jpg 203w, https:\/\/ena.cl\/wp-content\/uploads\/2015\/07\/LCO2.jpg 407w\" sizes=\"auto, (max-width: 210px) 100vw, 210px\" \/>Veinte funcionarios provenientes de las Plantas Profesionales, T\u00e9cnicos, Administrativos y Auxiliares del Hospital Juan No\u00e9 Crevani de Arica participaron del curso Liderazgo y Cambio Organizacional, dictado por nuestra docente Ximena Peralta, quien es Psic\u00f3loga Laboral con amplia experiencia y especializaci\u00f3n en organizaciones p\u00fablicas.<\/p>\n<p>El objetivo de esta capacitaci\u00f3n fue que los estudiantes comprendieran la complejidad de los procesos de cambio en las organizaciones, particularmente de la Administraci\u00f3n P\u00fablica, y la necesidad de un liderazgo cre\u00edble, que facilite la adaptaci\u00f3n de los colaboradores, la formaci\u00f3n de buenos equipos de trabajo y de un clima laboral favorable.<\/p>\n<p>Es por ello que los contenidos abordados, con un marcado \u00e9nfasis en Salud, en este curso fueron b\u00e1sicamente: caracter\u00edsticas y requerimientos para el liderazgo, teor\u00eda de sistemas abiertos, diagn\u00f3stico organizacional y herramientas para la gesti\u00f3n del cambio.<\/p>\n<p>La metodolog\u00eda de este perfeccionamiento, que tuvo una duraci\u00f3n de 20 horas pedag\u00f3gicas, fue te\u00f3rico &#8211; pr\u00e1ctica, centrada en el estudiante como sujeto activo del aprendizaje, orient\u00e1ndolo a desarrollar el pensamiento anal\u00edtico y cr\u00edtico; habilidades que pusieron en pr\u00e1ctica con diversos trabajos en equipo y exposiciones plenarias.<\/p>\n<p>&nbsp;<\/p>\n","protected":false},"excerpt":{"rendered":"<p>Veinte funcionarios provenientes de las Plantas Profesionales, T\u00e9cnicos, Administrativos y Auxiliares del Hospital Juan No\u00e9 Crevani de Arica participaron del curso Liderazgo y Cambio Organizacional, dictado por nuestra docente Ximena Peralta, quien es Psic\u00f3loga Laboral con amplia experiencia y especializaci\u00f3n en organizaciones p\u00fablicas. El objetivo de esta capacitaci\u00f3n fue que los estudiantes comprendieran la complejidad&hellip;<\/p>\n","protected":false},"author":3,"featured_media":884,"comment_status":"closed","ping_status":"closed","sticky":false,"template":"","format":"standard","meta":{"footnotes":""},"categories":[2,15],"tags":[],"class_list":["post-883","post","type-post","status-publish","format-standard","has-post-thumbnail","hentry","category-noticias","category-ultimos-cursos","category-2","category-15","description-off"],"_links":{"self":[{"href":"https:\/\/ena.cl\/index.php?rest_route=\/wp\/v2\/posts\/883","targetHints":{"allow":["GET"]}}],"collection":[{"href":"https:\/\/ena.cl\/index.php?rest_route=\/wp\/v2\/posts"}],"about":[{"href":"https:\/\/ena.cl\/index.php?rest_route=\/wp\/v2\/types\/post"}],"author":[{"embeddable":true,"href":"https:\/\/ena.cl\/index.php?rest_route=\/wp\/v2\/users\/3"}],"replies":[{"embeddable":true,"href":"https:\/\/ena.cl\/index.php?rest_route=%2Fwp%2Fv2%2Fcomments&post=883"}],"version-history":[{"count":2,"href":"https:\/\/ena.cl\/index.php?rest_route=\/wp\/v2\/posts\/883\/revisions"}],"predecessor-version":[{"id":887,"href":"https:\/\/ena.cl\/index.php?rest_route=\/wp\/v2\/posts\/883\/revisions\/887"}],"wp:featuredmedia":[{"embeddable":true,"href":"https:\/\/ena.cl\/index.php?rest_route=\/wp\/v2\/media\/884"}],"wp:attachment":[{"href":"https:\/\/ena.cl\/index.php?rest_route=%2Fwp%2Fv2%2Fmedia&parent=883"}],"wp:term":[{"taxonomy":"category","embeddable":true,"href":"https:\/\/ena.cl\/index.php?rest_route=%2Fwp%2Fv2%2Fcategories&post=883"},{"taxonomy":"post_tag","embeddable":true,"href":"https:\/\/ena.cl\/index.php?rest_route=%2Fwp%2Fv2%2Ftags&post=883"}],"curies":[{"name":"wp","href":"https:\/\/api.w.org\/{rel}","templated":true}]}}