{"id":871,"date":"2015-07-01T13:46:48","date_gmt":"2015-07-01T13:46:48","guid":{"rendered":"https:\/\/ena.cl\/?p=871"},"modified":"2015-07-01T18:41:19","modified_gmt":"2015-07-01T18:41:19","slug":"funcionarios-del-ministerio-del-interior-se-capacitan-en-compras-publicas","status":"publish","type":"post","link":"https:\/\/ena.cl\/?p=871","title":{"rendered":"Funcionarios del Ministerio del Interior se capacitan en Compras P\u00fablicas"},"content":{"rendered":"<p><a href=\"https:\/\/ena.cl\/wp-content\/uploads\/2015\/07\/Foto-2-Compras-Publicas-Ministerio-Interior.jpg\"><img loading=\"lazy\" decoding=\"async\" class=\"alignleft size-medium wp-image-872\" src=\"https:\/\/ena.cl\/wp-content\/uploads\/2015\/07\/Foto-2-Compras-Publicas-Ministerio-Interior-300x204.jpg\" alt=\"Foto 2 Compras Publicas Ministerio Interior\" width=\"300\" height=\"204\" srcset=\"https:\/\/ena.cl\/wp-content\/uploads\/2015\/07\/Foto-2-Compras-Publicas-Ministerio-Interior-300x204.jpg 300w, https:\/\/ena.cl\/wp-content\/uploads\/2015\/07\/Foto-2-Compras-Publicas-Ministerio-Interior.jpg 600w\" sizes=\"auto, (max-width: 300px) 100vw, 300px\" \/><\/a>Compras y Contrataci\u00f3n P\u00fablica se denomin\u00f3 el curso que desarrollamos para estudiantes del Ministerio del Interior, quienes tomaron con nosotros 20 horas cronol\u00f3gicas de capacitaci\u00f3n.<\/p>\n<p>Este perfeccionamiento tuvo como objetivo que sus participantes desarrollaran y actualizaran sus competencias sobre los mecanismos y la org\u00e1nica del Sistema de Contrataci\u00f3n y Compra P\u00fablica, con especial atenci\u00f3n a las \u00faltimas modificaciones experimentadas al Reglamento, la m\u00e1s reciente jurisprudencia tanto de car\u00e1cter administrativa como judicial, y el rol de las instituciones garantes del Sistema como es el caso de la \u201cDireccis instituciones garantes del Sistemaistrativa y Judicialde carrera funciionaria, calificaciones y sumario administrativo,\u00f3n de Contrataci\u00f3n y Compras P\u00fablicas\u201d y el \u201cTribunal de Contrataci\u00f3n P\u00fablica\u201d.<\/p>\n<p>Para ello, el curso se estructur\u00f3 en 5 m\u00f3dulos referidos a: Normativa y Jurisprudencia, Habilidades de Gesti\u00f3n, Elaboraci\u00f3n de Bases de Licitaci\u00f3n, Procedimientos del Convenio Marco, Funciones y Atribuciones de la Direcci\u00f3n de Compras y el Tribunal de Contrataci\u00f3n P\u00fablica, y Aplicabilidad pr\u00e1ctica de las modificaciones al Reglamento de esta ley.<\/p>\n<p>La metodolog\u00eda de esta capacitaci\u00f3n incluy\u00f3 clases presenciales, talleres, y an\u00e1lisis de casos pr\u00e1cticos emanados de la Jurisprudencia Administrativa y Judicial, as\u00ed como exposiciones de los alumnos.<\/p>\n","protected":false},"excerpt":{"rendered":"<p>Compras y Contrataci\u00f3n P\u00fablica se denomin\u00f3 el curso que desarrollamos para estudiantes del Ministerio del Interior, quienes tomaron con nosotros 20 horas cronol\u00f3gicas de capacitaci\u00f3n. Este perfeccionamiento tuvo como objetivo que sus participantes desarrollaran y actualizaran sus competencias sobre los mecanismos y la org\u00e1nica del Sistema de Contrataci\u00f3n y Compra P\u00fablica, con especial atenci\u00f3n a&hellip;<\/p>\n","protected":false},"author":1,"featured_media":872,"comment_status":"closed","ping_status":"closed","sticky":false,"template":"","format":"standard","meta":{"footnotes":""},"categories":[2,15],"tags":[],"class_list":["post-871","post","type-post","status-publish","format-standard","has-post-thumbnail","hentry","category-noticias","category-ultimos-cursos","category-2","category-15","description-off"],"_links":{"self":[{"href":"https:\/\/ena.cl\/index.php?rest_route=\/wp\/v2\/posts\/871","targetHints":{"allow":["GET"]}}],"collection":[{"href":"https:\/\/ena.cl\/index.php?rest_route=\/wp\/v2\/posts"}],"about":[{"href":"https:\/\/ena.cl\/index.php?rest_route=\/wp\/v2\/types\/post"}],"author":[{"embeddable":true,"href":"https:\/\/ena.cl\/index.php?rest_route=\/wp\/v2\/users\/1"}],"replies":[{"embeddable":true,"href":"https:\/\/ena.cl\/index.php?rest_route=%2Fwp%2Fv2%2Fcomments&post=871"}],"version-history":[{"count":1,"href":"https:\/\/ena.cl\/index.php?rest_route=\/wp\/v2\/posts\/871\/revisions"}],"predecessor-version":[{"id":873,"href":"https:\/\/ena.cl\/index.php?rest_route=\/wp\/v2\/posts\/871\/revisions\/873"}],"wp:featuredmedia":[{"embeddable":true,"href":"https:\/\/ena.cl\/index.php?rest_route=\/wp\/v2\/media\/872"}],"wp:attachment":[{"href":"https:\/\/ena.cl\/index.php?rest_route=%2Fwp%2Fv2%2Fmedia&parent=871"}],"wp:term":[{"taxonomy":"category","embeddable":true,"href":"https:\/\/ena.cl\/index.php?rest_route=%2Fwp%2Fv2%2Fcategories&post=871"},{"taxonomy":"post_tag","embeddable":true,"href":"https:\/\/ena.cl\/index.php?rest_route=%2Fwp%2Fv2%2Ftags&post=871"}],"curies":[{"name":"wp","href":"https:\/\/api.w.org\/{rel}","templated":true}]}}