{"id":868,"date":"2015-07-01T16:44:23","date_gmt":"2015-07-01T16:44:23","guid":{"rendered":"https:\/\/ena.cl\/?p=868"},"modified":"2015-07-01T18:41:30","modified_gmt":"2015-07-01T18:41:30","slug":"dictamos-curso-de-estatuto-administrativo-a-funcionarios-del-ministerio-de-salud","status":"publish","type":"post","link":"https:\/\/ena.cl\/?p=868","title":{"rendered":"Dictamos curso de Estatuto Administrativo a funcionarios del Ministerio de Salud"},"content":{"rendered":"<p><a href=\"https:\/\/ena.cl\/wp-content\/uploads\/2015\/07\/Foto1Estatuto-Minsal.jpg\"><img loading=\"lazy\" decoding=\"async\" class=\"alignleft size-medium wp-image-869\" src=\"https:\/\/ena.cl\/wp-content\/uploads\/2015\/07\/Foto1Estatuto-Minsal-300x204.jpg\" alt=\"Foto1Estatuto Minsal\" width=\"300\" height=\"204\" srcset=\"https:\/\/ena.cl\/wp-content\/uploads\/2015\/07\/Foto1Estatuto-Minsal-300x204.jpg 300w, https:\/\/ena.cl\/wp-content\/uploads\/2015\/07\/Foto1Estatuto-Minsal.jpg 600w\" sizes=\"auto, (max-width: 300px) 100vw, 300px\" \/><\/a>Que los estudiantes comprendieran el r\u00e9gimen estatutario aplicable al personal que trabaja tanto en la Subsecretar\u00eda de Salud P\u00fablica como en la Subsecretar\u00eda de Redes Asistenciales, sus reglamentos y dem\u00e1s normas que lo componen, inclu\u00eddas las modificaciones incorporadas por la Ley de Autoridad Sanitaria, fue parte de los objetivos de esta capacitaci\u00f3n, que dictamos entre el 5 al 19 de junio.<\/p>\n<p>El curso se desarroll\u00f3 en cinco sesiones, en la ciudad de Santiago, y a \u00e9l asistieron 22 funcionarios de ambas Subsecretar\u00edas del Ministerio de Salud.<\/p>\n<p>Junto con analizar las implicancias y recientes modificaciones del Estatuto Administrativo, los participantes revisaron adem\u00e1s: el Decreto con Fuerza de Ley 1 de 2005 del Ministerio de Salud modificado por la Ley de Autoridad Sanitaria; la Ley 19.882 sobre Nuevo Trato Laboral; la Ley 18.575, y la Ley de Acceso a la Informaci\u00f3n P\u00fablica, entre otras normas.<\/p>\n<p>Los estudiantes adem\u00e1s de conocer los alcances, en su vida p\u00fablica y privada, de los principios de probidad y transparencia administrativa estudiaron en detalle los procedimientos estatutarios de carrera funcionaria, calificaciones y sumario administrativo.<\/p>\n<p>Este curso tuvo una duraci\u00f3n de 20 horas cronol\u00f3gicas y cont\u00f3 en su metodolog\u00eda con clases eminentemente pr\u00e1cticas, de car\u00e1cter interactivo, apoyado de material docente y medios audiovisuales; estudio de casos emanados de la jurisprudencia contralora y debates dirigidos.<\/p>\n","protected":false},"excerpt":{"rendered":"<p>Que los estudiantes comprendieran el r\u00e9gimen estatutario aplicable al personal que trabaja tanto en la Subsecretar\u00eda de Salud P\u00fablica como en la Subsecretar\u00eda de Redes Asistenciales, sus reglamentos y dem\u00e1s normas que lo componen, inclu\u00eddas las modificaciones incorporadas por la Ley de Autoridad Sanitaria, fue parte de los objetivos de esta capacitaci\u00f3n, que dictamos entre&hellip;<\/p>\n","protected":false},"author":1,"featured_media":869,"comment_status":"closed","ping_status":"closed","sticky":false,"template":"","format":"standard","meta":{"footnotes":""},"categories":[2,15],"tags":[],"class_list":["post-868","post","type-post","status-publish","format-standard","has-post-thumbnail","hentry","category-noticias","category-ultimos-cursos","category-2","category-15","description-off"],"_links":{"self":[{"href":"https:\/\/ena.cl\/index.php?rest_route=\/wp\/v2\/posts\/868","targetHints":{"allow":["GET"]}}],"collection":[{"href":"https:\/\/ena.cl\/index.php?rest_route=\/wp\/v2\/posts"}],"about":[{"href":"https:\/\/ena.cl\/index.php?rest_route=\/wp\/v2\/types\/post"}],"author":[{"embeddable":true,"href":"https:\/\/ena.cl\/index.php?rest_route=\/wp\/v2\/users\/1"}],"replies":[{"embeddable":true,"href":"https:\/\/ena.cl\/index.php?rest_route=%2Fwp%2Fv2%2Fcomments&post=868"}],"version-history":[{"count":1,"href":"https:\/\/ena.cl\/index.php?rest_route=\/wp\/v2\/posts\/868\/revisions"}],"predecessor-version":[{"id":870,"href":"https:\/\/ena.cl\/index.php?rest_route=\/wp\/v2\/posts\/868\/revisions\/870"}],"wp:featuredmedia":[{"embeddable":true,"href":"https:\/\/ena.cl\/index.php?rest_route=\/wp\/v2\/media\/869"}],"wp:attachment":[{"href":"https:\/\/ena.cl\/index.php?rest_route=%2Fwp%2Fv2%2Fmedia&parent=868"}],"wp:term":[{"taxonomy":"category","embeddable":true,"href":"https:\/\/ena.cl\/index.php?rest_route=%2Fwp%2Fv2%2Fcategories&post=868"},{"taxonomy":"post_tag","embeddable":true,"href":"https:\/\/ena.cl\/index.php?rest_route=%2Fwp%2Fv2%2Ftags&post=868"}],"curies":[{"name":"wp","href":"https:\/\/api.w.org\/{rel}","templated":true}]}}