{"id":830,"date":"2015-06-16T13:08:12","date_gmt":"2015-06-16T13:08:12","guid":{"rendered":"https:\/\/ena.cl\/?p=830"},"modified":"2015-06-26T05:00:40","modified_gmt":"2015-06-26T05:00:40","slug":"dictamos-capacitacion-sobre-estatuto-administrativo-a-funcionarios-de-la-salud","status":"publish","type":"post","link":"https:\/\/ena.cl\/?p=830","title":{"rendered":"En Arica estudian el Estatuto Administrativo del personal de Salud"},"content":{"rendered":"<p><a href=\"https:\/\/ena.cl\/wp-content\/uploads\/2015\/06\/Foto-3-250515-Hospital-Arica-Estatuto-Administrativo1.jpg\"><img loading=\"lazy\" decoding=\"async\" class=\"alignleft size-medium wp-image-831\" src=\"https:\/\/ena.cl\/wp-content\/uploads\/2015\/06\/Foto-3-250515-Hospital-Arica-Estatuto-Administrativo1-300x225.jpg\" alt=\"Foto 3 250515 Hospital Arica Estatuto Administrativo\" width=\"300\" height=\"225\" srcset=\"https:\/\/ena.cl\/wp-content\/uploads\/2015\/06\/Foto-3-250515-Hospital-Arica-Estatuto-Administrativo1-300x225.jpg 300w, https:\/\/ena.cl\/wp-content\/uploads\/2015\/06\/Foto-3-250515-Hospital-Arica-Estatuto-Administrativo1-600x450.jpg 600w, https:\/\/ena.cl\/wp-content\/uploads\/2015\/06\/Foto-3-250515-Hospital-Arica-Estatuto-Administrativo1-400x300.jpg 400w, https:\/\/ena.cl\/wp-content\/uploads\/2015\/06\/Foto-3-250515-Hospital-Arica-Estatuto-Administrativo1.jpg 800w\" sizes=\"auto, (max-width: 300px) 100vw, 300px\" \/><\/a>33 alumnos del Hospital Juan No\u00e9 Crevani de Arica participaron de este curso que busca que sus participantes fortalezcan sus competencias para interpretar y aplicar, tanto el Estatuto Administrativo, como sus normas complementarias y reglamentos.<\/p>\n<p>La capacitaci\u00f3n se estructura en siete unidades: reforma al modelo de salud chileno; Estatuto Administrativo, Nuevo Trato Laboral y normas especiales incorporadas por la Ley de Autoridad Sanitaria; estatuto de los profesionales funcionarios; remuneraciones del sector de la salud; probidad administrativa y responsabilidad funcionaria; Ley 19.880 sobre Base de los Procedimientos Administrativos y Ley de Transparencia; modificaciones al Estatuto Administrativo.<\/p>\n<p>Este curso tuvo una duraci\u00f3n de 20 horas pedag\u00f3gicas, distribuidas en dos d\u00edas de trabajo y cont\u00f3 con una metodolog\u00eda de clases te\u00f3rico-pr\u00e1cticas presenciales, con apoyo de material docente y audiovisuales; taller de casos pr\u00e1cticos y foro panel.<\/p>\n<p>Esta capacitaci\u00f3n estuvo a cargo del docente ENA, Eduardo Irribarra, Profesor de Derecho Administrativo, Mag\u00edster en Derecho P\u00fablico con menci\u00f3n en Derecho Constitucional y Mag\u00edster \u00a9 en Derecho de la Salud.<\/p>\n","protected":false},"excerpt":{"rendered":"<p>33 alumnos del Hospital Juan No\u00e9 Crevani de Arica participaron de este curso que busca que sus participantes fortalezcan sus competencias para interpretar y aplicar, tanto el Estatuto Administrativo, como sus normas complementarias y reglamentos. La capacitaci\u00f3n se estructura en siete unidades: reforma al modelo de salud chileno; Estatuto Administrativo, Nuevo Trato Laboral y normas&hellip;<\/p>\n","protected":false},"author":3,"featured_media":831,"comment_status":"closed","ping_status":"closed","sticky":false,"template":"","format":"standard","meta":{"footnotes":""},"categories":[2,15],"tags":[],"class_list":["post-830","post","type-post","status-publish","format-standard","has-post-thumbnail","hentry","category-noticias","category-ultimos-cursos","category-2","category-15","description-off"],"_links":{"self":[{"href":"https:\/\/ena.cl\/index.php?rest_route=\/wp\/v2\/posts\/830","targetHints":{"allow":["GET"]}}],"collection":[{"href":"https:\/\/ena.cl\/index.php?rest_route=\/wp\/v2\/posts"}],"about":[{"href":"https:\/\/ena.cl\/index.php?rest_route=\/wp\/v2\/types\/post"}],"author":[{"embeddable":true,"href":"https:\/\/ena.cl\/index.php?rest_route=\/wp\/v2\/users\/3"}],"replies":[{"embeddable":true,"href":"https:\/\/ena.cl\/index.php?rest_route=%2Fwp%2Fv2%2Fcomments&post=830"}],"version-history":[{"count":3,"href":"https:\/\/ena.cl\/index.php?rest_route=\/wp\/v2\/posts\/830\/revisions"}],"predecessor-version":[{"id":839,"href":"https:\/\/ena.cl\/index.php?rest_route=\/wp\/v2\/posts\/830\/revisions\/839"}],"wp:featuredmedia":[{"embeddable":true,"href":"https:\/\/ena.cl\/index.php?rest_route=\/wp\/v2\/media\/831"}],"wp:attachment":[{"href":"https:\/\/ena.cl\/index.php?rest_route=%2Fwp%2Fv2%2Fmedia&parent=830"}],"wp:term":[{"taxonomy":"category","embeddable":true,"href":"https:\/\/ena.cl\/index.php?rest_route=%2Fwp%2Fv2%2Fcategories&post=830"},{"taxonomy":"post_tag","embeddable":true,"href":"https:\/\/ena.cl\/index.php?rest_route=%2Fwp%2Fv2%2Ftags&post=830"}],"curies":[{"name":"wp","href":"https:\/\/api.w.org\/{rel}","templated":true}]}}