{"id":826,"date":"2015-06-19T13:03:17","date_gmt":"2015-06-19T13:03:17","guid":{"rendered":"https:\/\/ena.cl\/?p=826"},"modified":"2015-07-01T17:03:52","modified_gmt":"2015-07-01T17:03:52","slug":"fortalecimos-las-competencias-funcionarias-en-curso-de-proteccion-a-la-maternidad","status":"publish","type":"post","link":"https:\/\/ena.cl\/?p=826","title":{"rendered":"Unidad de Personal del Hospital de Arica se actualiza en protecci\u00f3n de la maternidad"},"content":{"rendered":"<p><a href=\"https:\/\/ena.cl\/wp-content\/uploads\/2015\/06\/Foto-5-290515-Hospital-Arica-Protecci\u00f3n-Maternidad.jpg\"><img loading=\"lazy\" decoding=\"async\" class=\"alignleft size-medium wp-image-827\" src=\"https:\/\/ena.cl\/wp-content\/uploads\/2015\/06\/Foto-5-290515-Hospital-Arica-Protecci\u00f3n-Maternidad-300x225.jpg\" alt=\"Foto 5 290515 Hospital Arica Protecci\u00f3n Maternidad\" width=\"300\" height=\"225\" srcset=\"https:\/\/ena.cl\/wp-content\/uploads\/2015\/06\/Foto-5-290515-Hospital-Arica-Protecci\u00f3n-Maternidad-300x225.jpg 300w, https:\/\/ena.cl\/wp-content\/uploads\/2015\/06\/Foto-5-290515-Hospital-Arica-Protecci\u00f3n-Maternidad-600x450.jpg 600w, https:\/\/ena.cl\/wp-content\/uploads\/2015\/06\/Foto-5-290515-Hospital-Arica-Protecci\u00f3n-Maternidad-400x300.jpg 400w, https:\/\/ena.cl\/wp-content\/uploads\/2015\/06\/Foto-5-290515-Hospital-Arica-Protecci\u00f3n-Maternidad.jpg 800w\" sizes=\"auto, (max-width: 300px) 100vw, 300px\" \/><\/a>16 integrantes del Departamento de Personal del Hospital Juan No\u00e9 Crevani de Arica participaron en la capacitaci\u00f3n denominada \u201cProtecci\u00f3n a la Maternidad: C\u00f3digo del Trabajo y Ley 20.545\u201d.<\/p>\n<p>La actividad tuvo como objetivo que los estudiantes adquirieran las competencias t\u00e9cnicas para interpretar las normas referidas, con la finalidad de garantizar el ejercicio del derecho, a las y los funcionarios del hospital, ajustando para ello sus procedimientos administrativos internos.<\/p>\n<p>Los contenidos revisados fueron: la funci\u00f3n p\u00fablica civil de la salud y la seguridad social de sus funcionarios y contratados a honorarios; la protecci\u00f3n de la maternidad; c\u00e1lculo del subsidio por descanso de maternidad y el permiso postnatal parental; T\u00edtulo II del C\u00f3digo del Trabajo y Ley \u00a0\u00a0\u00a0\u00a0\u00a0n\u00b0 20.545.<\/p>\n<p>El curso tuvo una duraci\u00f3n de 20 horas pedag\u00f3gicas, distribuidas en dos jornadas de trabajo, las que se realizaron en el auditorio del mismo centro asistencial.<\/p>\n","protected":false},"excerpt":{"rendered":"<p>16 integrantes del Departamento de Personal del Hospital Juan No\u00e9 Crevani de Arica participaron en la capacitaci\u00f3n denominada \u201cProtecci\u00f3n a la Maternidad: C\u00f3digo del Trabajo y Ley 20.545\u201d. La actividad tuvo como objetivo que los estudiantes adquirieran las competencias t\u00e9cnicas para interpretar las normas referidas, con la finalidad de garantizar el ejercicio del derecho, a&hellip;<\/p>\n","protected":false},"author":3,"featured_media":827,"comment_status":"closed","ping_status":"closed","sticky":false,"template":"","format":"standard","meta":{"footnotes":""},"categories":[2,15],"tags":[],"class_list":["post-826","post","type-post","status-publish","format-standard","has-post-thumbnail","hentry","category-noticias","category-ultimos-cursos","category-2","category-15","description-off"],"_links":{"self":[{"href":"https:\/\/ena.cl\/index.php?rest_route=\/wp\/v2\/posts\/826","targetHints":{"allow":["GET"]}}],"collection":[{"href":"https:\/\/ena.cl\/index.php?rest_route=\/wp\/v2\/posts"}],"about":[{"href":"https:\/\/ena.cl\/index.php?rest_route=\/wp\/v2\/types\/post"}],"author":[{"embeddable":true,"href":"https:\/\/ena.cl\/index.php?rest_route=\/wp\/v2\/users\/3"}],"replies":[{"embeddable":true,"href":"https:\/\/ena.cl\/index.php?rest_route=%2Fwp%2Fv2%2Fcomments&post=826"}],"version-history":[{"count":4,"href":"https:\/\/ena.cl\/index.php?rest_route=\/wp\/v2\/posts\/826\/revisions"}],"predecessor-version":[{"id":845,"href":"https:\/\/ena.cl\/index.php?rest_route=\/wp\/v2\/posts\/826\/revisions\/845"}],"wp:featuredmedia":[{"embeddable":true,"href":"https:\/\/ena.cl\/index.php?rest_route=\/wp\/v2\/media\/827"}],"wp:attachment":[{"href":"https:\/\/ena.cl\/index.php?rest_route=%2Fwp%2Fv2%2Fmedia&parent=826"}],"wp:term":[{"taxonomy":"category","embeddable":true,"href":"https:\/\/ena.cl\/index.php?rest_route=%2Fwp%2Fv2%2Fcategories&post=826"},{"taxonomy":"post_tag","embeddable":true,"href":"https:\/\/ena.cl\/index.php?rest_route=%2Fwp%2Fv2%2Ftags&post=826"}],"curies":[{"name":"wp","href":"https:\/\/api.w.org\/{rel}","templated":true}]}}