{"id":819,"date":"2015-06-20T12:57:56","date_gmt":"2015-06-20T12:57:56","guid":{"rendered":"https:\/\/ena.cl\/?p=819"},"modified":"2015-07-01T17:02:49","modified_gmt":"2015-07-01T17:02:49","slug":"enfermeros-del-hospital-de-temuco-se-capacitan-en-aspectos-eticos-y-legales-de-su-labor","status":"publish","type":"post","link":"https:\/\/ena.cl\/?p=819","title":{"rendered":"Enfermeras del Hospital de Temuco abordan el rol jur\u00eddico de su profesi\u00f3n"},"content":{"rendered":"<p><a href=\"https:\/\/ena.cl\/wp-content\/uploads\/2015\/06\/Foto-2-Hospital-Temuco-Responsabilidad-\u00c9tica.jpg\"><img loading=\"lazy\" decoding=\"async\" class=\"alignleft size-medium wp-image-820\" src=\"https:\/\/ena.cl\/wp-content\/uploads\/2015\/06\/Foto-2-Hospital-Temuco-Responsabilidad-\u00c9tica-300x207.jpg\" alt=\"Foto 2 Hospital Temuco Responsabilidad \u00c9tica\" width=\"300\" height=\"207\" srcset=\"https:\/\/ena.cl\/wp-content\/uploads\/2015\/06\/Foto-2-Hospital-Temuco-Responsabilidad-\u00c9tica-300x207.jpg 300w, https:\/\/ena.cl\/wp-content\/uploads\/2015\/06\/Foto-2-Hospital-Temuco-Responsabilidad-\u00c9tica-600x415.jpg 600w, https:\/\/ena.cl\/wp-content\/uploads\/2015\/06\/Foto-2-Hospital-Temuco-Responsabilidad-\u00c9tica.jpg 800w\" sizes=\"auto, (max-width: 300px) 100vw, 300px\" \/><\/a>60 profesionales de la Asociaci\u00f3n de Enfermeros del Hospital Hern\u00e1n Henr\u00edquez de Temuco participaron de nuestra capacitaci\u00f3n realizada el 19 y 20 de mayo, en instalaciones del Hotel Aitu\u00e9 de esa ciudad.<\/p>\n<p>El curso tuvo una duraci\u00f3n de 20 horas pedag\u00f3gicas y se denomin\u00f3 \u201cResponsabilidad \u00c9tico-Legal en el Ejercicio Profesional de la Enfermer\u00eda, Ley de Derechos y Deberes de los Pacientes y sus Implicancias en la Gesti\u00f3n del Cuidado\u201d.<\/p>\n<p>La actividad tuvo como objetivo general que los estudiantes conocieran, en el marco de la legislaci\u00f3n vigente, cu\u00e1les son los alcances e interpretaciones jurisprudenciales de los servicios profesionales de enfermer\u00eda, ya sea como rol propio o como rol de colaboraci\u00f3n m\u00e9dica.<\/p>\n<p>Para ello revisaron contenidos referidos a la funci\u00f3n p\u00fablica de la salud y el rol jur\u00eddico de los enfermeros; Bases Org\u00e1nicas Funcionales de la Gesti\u00f3n del Cuidado para la atenci\u00f3n cerrada; alcances interpretativos de la jurisprudencia de la Contralor\u00eda General para este tema; y la Ley 20.584 sobre derechos y deberes que las personas tienen en relaci\u00f3n a su atenci\u00f3n de salud.<\/p>\n","protected":false},"excerpt":{"rendered":"<p>60 profesionales de la Asociaci\u00f3n de Enfermeros del Hospital Hern\u00e1n Henr\u00edquez de Temuco participaron de nuestra capacitaci\u00f3n realizada el 19 y 20 de mayo, en instalaciones del Hotel Aitu\u00e9 de esa ciudad. El curso tuvo una duraci\u00f3n de 20 horas pedag\u00f3gicas y se denomin\u00f3 \u201cResponsabilidad \u00c9tico-Legal en el Ejercicio Profesional de la Enfermer\u00eda, Ley de&hellip;<\/p>\n","protected":false},"author":3,"featured_media":820,"comment_status":"closed","ping_status":"closed","sticky":false,"template":"","format":"standard","meta":{"footnotes":""},"categories":[2,15],"tags":[],"class_list":["post-819","post","type-post","status-publish","format-standard","has-post-thumbnail","hentry","category-noticias","category-ultimos-cursos","category-2","category-15","description-off"],"_links":{"self":[{"href":"https:\/\/ena.cl\/index.php?rest_route=\/wp\/v2\/posts\/819","targetHints":{"allow":["GET"]}}],"collection":[{"href":"https:\/\/ena.cl\/index.php?rest_route=\/wp\/v2\/posts"}],"about":[{"href":"https:\/\/ena.cl\/index.php?rest_route=\/wp\/v2\/types\/post"}],"author":[{"embeddable":true,"href":"https:\/\/ena.cl\/index.php?rest_route=\/wp\/v2\/users\/3"}],"replies":[{"embeddable":true,"href":"https:\/\/ena.cl\/index.php?rest_route=%2Fwp%2Fv2%2Fcomments&post=819"}],"version-history":[{"count":4,"href":"https:\/\/ena.cl\/index.php?rest_route=\/wp\/v2\/posts\/819\/revisions"}],"predecessor-version":[{"id":837,"href":"https:\/\/ena.cl\/index.php?rest_route=\/wp\/v2\/posts\/819\/revisions\/837"}],"wp:featuredmedia":[{"embeddable":true,"href":"https:\/\/ena.cl\/index.php?rest_route=\/wp\/v2\/media\/820"}],"wp:attachment":[{"href":"https:\/\/ena.cl\/index.php?rest_route=%2Fwp%2Fv2%2Fmedia&parent=819"}],"wp:term":[{"taxonomy":"category","embeddable":true,"href":"https:\/\/ena.cl\/index.php?rest_route=%2Fwp%2Fv2%2Fcategories&post=819"},{"taxonomy":"post_tag","embeddable":true,"href":"https:\/\/ena.cl\/index.php?rest_route=%2Fwp%2Fv2%2Ftags&post=819"}],"curies":[{"name":"wp","href":"https:\/\/api.w.org\/{rel}","templated":true}]}}