{"id":816,"date":"2015-06-16T12:56:15","date_gmt":"2015-06-16T12:56:15","guid":{"rendered":"https:\/\/ena.cl\/?p=816"},"modified":"2015-06-26T05:04:18","modified_gmt":"2015-06-26T05:04:18","slug":"funcionarios-del-hospital-de-arica-toman-curso-prevencion-del-maltrato-y-acoso-laboral-y-sexual","status":"publish","type":"post","link":"https:\/\/ena.cl\/?p=816","title":{"rendered":"En el Hospital de Arica se estudia el Acoso Sexual y Laboral"},"content":{"rendered":"<p><a href=\"https:\/\/ena.cl\/wp-content\/uploads\/2015\/06\/Foto-1-270515-Hospital-Arica-Acoso-Laboral-y-Sexual.jpg\"><img loading=\"lazy\" decoding=\"async\" class=\"alignleft  wp-image-817\" src=\"https:\/\/ena.cl\/wp-content\/uploads\/2015\/06\/Foto-1-270515-Hospital-Arica-Acoso-Laboral-y-Sexual-300x225.jpg\" alt=\"Foto 1 270515 Hospital Arica Acoso Laboral y Sexual\" width=\"309\" height=\"232\" srcset=\"https:\/\/ena.cl\/wp-content\/uploads\/2015\/06\/Foto-1-270515-Hospital-Arica-Acoso-Laboral-y-Sexual-300x225.jpg 300w, https:\/\/ena.cl\/wp-content\/uploads\/2015\/06\/Foto-1-270515-Hospital-Arica-Acoso-Laboral-y-Sexual-600x450.jpg 600w, https:\/\/ena.cl\/wp-content\/uploads\/2015\/06\/Foto-1-270515-Hospital-Arica-Acoso-Laboral-y-Sexual-400x300.jpg 400w, https:\/\/ena.cl\/wp-content\/uploads\/2015\/06\/Foto-1-270515-Hospital-Arica-Acoso-Laboral-y-Sexual.jpg 800w\" sizes=\"auto, (max-width: 309px) 100vw, 309px\" \/><\/a>Una mirada, desde el enfoque de g\u00e9nero, capaz de generar y garantizar igualdad de trato entre hombres y mujeres es parte del objetivo general de este curso, en el que participaron 30 funcionarios del Hospital Juan No\u00e9 Crevani de Arica.<\/p>\n<p>Junto con esa mirada que busca igualdad de trato, los estudiantes revisaron tambi\u00e9n t\u00e9cnicas para clasificar y contener el acoso psicol\u00f3gico laboral y\/o sexual.<\/p>\n<p>El curso tuvo una duraci\u00f3n de 20 horas pedag\u00f3gicas, distribuidas en dos jornadas en las que se revisaron principalmente: Derecho del Trabajo, alcances y prevenci\u00f3n del acoso laboral y sexual, experiencias comparadas en Derecho Laboral, Responsabilidad Civil derivada de estos actos y Principio de Igualdad y No Discriminaci\u00f3n.<\/p>\n<p>La metodolog\u00eda utilizada fue de clases te\u00f3rico-pr\u00e1cticas presenciales, con apoyo de material docente y medios audiovisuales; adem\u00e1s del estudio de casos pr\u00e1cticos, mediante discusi\u00f3n de jurisprudencia y talleres de ejercitaci\u00f3n.<\/p>\n","protected":false},"excerpt":{"rendered":"<p>Una mirada, desde el enfoque de g\u00e9nero, capaz de generar y garantizar igualdad de trato entre hombres y mujeres es parte del objetivo general de este curso, en el que participaron 30 funcionarios del Hospital Juan No\u00e9 Crevani de Arica. Junto con esa mirada que busca igualdad de trato, los estudiantes revisaron tambi\u00e9n t\u00e9cnicas para&hellip;<\/p>\n","protected":false},"author":3,"featured_media":817,"comment_status":"closed","ping_status":"closed","sticky":false,"template":"","format":"standard","meta":{"footnotes":""},"categories":[2,15],"tags":[],"class_list":["post-816","post","type-post","status-publish","format-standard","has-post-thumbnail","hentry","category-noticias","category-ultimos-cursos","category-2","category-15","description-off"],"_links":{"self":[{"href":"https:\/\/ena.cl\/index.php?rest_route=\/wp\/v2\/posts\/816","targetHints":{"allow":["GET"]}}],"collection":[{"href":"https:\/\/ena.cl\/index.php?rest_route=\/wp\/v2\/posts"}],"about":[{"href":"https:\/\/ena.cl\/index.php?rest_route=\/wp\/v2\/types\/post"}],"author":[{"embeddable":true,"href":"https:\/\/ena.cl\/index.php?rest_route=\/wp\/v2\/users\/3"}],"replies":[{"embeddable":true,"href":"https:\/\/ena.cl\/index.php?rest_route=%2Fwp%2Fv2%2Fcomments&post=816"}],"version-history":[{"count":5,"href":"https:\/\/ena.cl\/index.php?rest_route=\/wp\/v2\/posts\/816\/revisions"}],"predecessor-version":[{"id":842,"href":"https:\/\/ena.cl\/index.php?rest_route=\/wp\/v2\/posts\/816\/revisions\/842"}],"wp:featuredmedia":[{"embeddable":true,"href":"https:\/\/ena.cl\/index.php?rest_route=\/wp\/v2\/media\/817"}],"wp:attachment":[{"href":"https:\/\/ena.cl\/index.php?rest_route=%2Fwp%2Fv2%2Fmedia&parent=816"}],"wp:term":[{"taxonomy":"category","embeddable":true,"href":"https:\/\/ena.cl\/index.php?rest_route=%2Fwp%2Fv2%2Fcategories&post=816"},{"taxonomy":"post_tag","embeddable":true,"href":"https:\/\/ena.cl\/index.php?rest_route=%2Fwp%2Fv2%2Ftags&post=816"}],"curies":[{"name":"wp","href":"https:\/\/api.w.org\/{rel}","templated":true}]}}