{"id":781,"date":"2015-05-22T00:47:42","date_gmt":"2015-05-22T00:47:42","guid":{"rendered":"https:\/\/ena.cl\/?p=781"},"modified":"2015-05-22T00:47:42","modified_gmt":"2015-05-22T00:47:42","slug":"funcionarios-del-hospital-de-quilpue-aprenden-sobre-sus-deberes-y-derechos","status":"publish","type":"post","link":"https:\/\/ena.cl\/?p=781","title":{"rendered":"Funcionarios del Hospital de Quilpu\u00e9 aprenden sobre sus Deberes y Derechos"},"content":{"rendered":"<p><a href=\"https:\/\/ena.cl\/wp-content\/uploads\/2015\/05\/Foto-6-Hospital-Quilpu\u00e9.jpg\"><img loading=\"lazy\" decoding=\"async\" class=\"alignleft size-medium wp-image-782\" src=\"https:\/\/ena.cl\/wp-content\/uploads\/2015\/05\/Foto-6-Hospital-Quilpu\u00e9-300x187.jpg\" alt=\"Foto 6 Hospital Quilpu\u00e9\" width=\"300\" height=\"187\" srcset=\"https:\/\/ena.cl\/wp-content\/uploads\/2015\/05\/Foto-6-Hospital-Quilpu\u00e9-300x187.jpg 300w, https:\/\/ena.cl\/wp-content\/uploads\/2015\/05\/Foto-6-Hospital-Quilpu\u00e9-600x375.jpg 600w, https:\/\/ena.cl\/wp-content\/uploads\/2015\/05\/Foto-6-Hospital-Quilpu\u00e9-1024x640.jpg 1024w, https:\/\/ena.cl\/wp-content\/uploads\/2015\/05\/Foto-6-Hospital-Quilpu\u00e9.jpg 1280w\" sizes=\"auto, (max-width: 300px) 100vw, 300px\" \/><\/a>En dependencias de la Universidad Andr\u00e9s Bello de Vi\u00f1a del Mar, se realiz\u00f3 la capacitaci\u00f3n en Deberes y Derechos de los Funcionarios P\u00fablicos, actividad a la que asistieron 30 integrantes del Hospital de Quilpu\u00e9.<\/p>\n<p>En la ocasi\u00f3n se revisaron temas referidos a las normas generales de la Ley 18.834 Estatuto Administrativo, carrera funcionaria, derechos y deberes funcionarios, responsabilidad administrativa, C\u00f3digo de Buenas Pr\u00e1cticas Laborales y Ley de Transparencia.<\/p>\n<p>La capacitaci\u00f3n, que tuvo una duraci\u00f3n de 21 horas pedag\u00f3gicas y se realiz\u00f3 durante este mes de mayo, estuvo a cargo de nuestro docente ENA, Eduardo Irribarra, quien es Mag\u00edster en Derecho P\u00fablico.<\/p>\n<p>Cabe recordar que nuestra escuela posee una amplia experiencia en esta tem\u00e1tica, ya que desde que iniciamos nuestras actividades hace quince a\u00f1os, dictamos capacitaciones referidas a estas normativas a quienes se desempe\u00f1an en el servicio p\u00fablico del pa\u00eds.<\/p>\n","protected":false},"excerpt":{"rendered":"<p>En dependencias de la Universidad Andr\u00e9s Bello de Vi\u00f1a del Mar, se realiz\u00f3 la capacitaci\u00f3n en Deberes y Derechos de los Funcionarios P\u00fablicos, actividad a la que asistieron 30 integrantes del Hospital de Quilpu\u00e9. En la ocasi\u00f3n se revisaron temas referidos a las normas generales de la Ley 18.834 Estatuto Administrativo, carrera funcionaria, derechos y&hellip;<\/p>\n","protected":false},"author":3,"featured_media":782,"comment_status":"closed","ping_status":"closed","sticky":false,"template":"","format":"standard","meta":{"footnotes":""},"categories":[2,15],"tags":[],"class_list":["post-781","post","type-post","status-publish","format-standard","has-post-thumbnail","hentry","category-noticias","category-ultimos-cursos","category-2","category-15","description-off"],"_links":{"self":[{"href":"https:\/\/ena.cl\/index.php?rest_route=\/wp\/v2\/posts\/781","targetHints":{"allow":["GET"]}}],"collection":[{"href":"https:\/\/ena.cl\/index.php?rest_route=\/wp\/v2\/posts"}],"about":[{"href":"https:\/\/ena.cl\/index.php?rest_route=\/wp\/v2\/types\/post"}],"author":[{"embeddable":true,"href":"https:\/\/ena.cl\/index.php?rest_route=\/wp\/v2\/users\/3"}],"replies":[{"embeddable":true,"href":"https:\/\/ena.cl\/index.php?rest_route=%2Fwp%2Fv2%2Fcomments&post=781"}],"version-history":[{"count":1,"href":"https:\/\/ena.cl\/index.php?rest_route=\/wp\/v2\/posts\/781\/revisions"}],"predecessor-version":[{"id":783,"href":"https:\/\/ena.cl\/index.php?rest_route=\/wp\/v2\/posts\/781\/revisions\/783"}],"wp:featuredmedia":[{"embeddable":true,"href":"https:\/\/ena.cl\/index.php?rest_route=\/wp\/v2\/media\/782"}],"wp:attachment":[{"href":"https:\/\/ena.cl\/index.php?rest_route=%2Fwp%2Fv2%2Fmedia&parent=781"}],"wp:term":[{"taxonomy":"category","embeddable":true,"href":"https:\/\/ena.cl\/index.php?rest_route=%2Fwp%2Fv2%2Fcategories&post=781"},{"taxonomy":"post_tag","embeddable":true,"href":"https:\/\/ena.cl\/index.php?rest_route=%2Fwp%2Fv2%2Ftags&post=781"}],"curies":[{"name":"wp","href":"https:\/\/api.w.org\/{rel}","templated":true}]}}