{"id":777,"date":"2015-05-22T00:44:30","date_gmt":"2015-05-22T00:44:30","guid":{"rendered":"https:\/\/ena.cl\/?p=777"},"modified":"2015-05-26T18:13:37","modified_gmt":"2015-05-26T18:13:37","slug":"hospital-de-arica-se-capacita-en-reglamento-general-de-calificaciones","status":"publish","type":"post","link":"https:\/\/ena.cl\/?p=777","title":{"rendered":"Hospital de Arica se capacita en Reglamento General de Calificaciones"},"content":{"rendered":"<p><a href=\"https:\/\/ena.cl\/wp-content\/uploads\/2015\/05\/Foto-4-Hospital-Arica.jpg\"><img loading=\"lazy\" decoding=\"async\" class=\"alignleft size-medium wp-image-778\" src=\"https:\/\/ena.cl\/wp-content\/uploads\/2015\/05\/Foto-4-Hospital-Arica-300x224.jpg\" alt=\"Foto 4 Hospital Arica\" width=\"300\" height=\"224\" srcset=\"https:\/\/ena.cl\/wp-content\/uploads\/2015\/05\/Foto-4-Hospital-Arica-300x225.jpg 300w, https:\/\/ena.cl\/wp-content\/uploads\/2015\/05\/Foto-4-Hospital-Arica-600x450.jpg 600w, https:\/\/ena.cl\/wp-content\/uploads\/2015\/05\/Foto-4-Hospital-Arica-400x300.jpg 400w, https:\/\/ena.cl\/wp-content\/uploads\/2015\/05\/Foto-4-Hospital-Arica.jpg 1007w\" sizes=\"auto, (max-width: 300px) 100vw, 300px\" \/><\/a>Las implicancias de la Ley 18.834 de Estatuto Administrativo, en lo relativo al Reglamento General de Calificaciones, fue lo que revisaron funcionarios del Hospital de Arica.<\/p>\n<p>En esta actividad participaron 40 personas, distribuidas en dos grupos, quienes se capacitaron en Sistema de Calificaciones, Decreto 1229 (de 1992), Objetivos de Desempe\u00f1o, Asignaci\u00f3n de Est\u00edmulo Funcionario y diversos aspectos administrativos de este tema.<\/p>\n<p>Al curso asistieron representantes de los estamentos funcionarios: profesionales, t\u00e9cnicos, administrativos y auxiliares; tuvo una duraci\u00f3n de 20 horas pedag\u00f3gicas para cada grupo y se realiz\u00f3 en dependencias del hospital a principios de este mes de mayo.<\/p>\n<p>Cabe recordar que nuestra escuela posee una amplia experiencia en esta tem\u00e1tica, ya que desde que iniciamos nuestras actividades hace quince a\u00f1os, dictamos capacitaciones referidas a estas normativas a quienes se desempe\u00f1an en el servicio p\u00fablico del pa\u00eds.<\/p>\n","protected":false},"excerpt":{"rendered":"<p>Las implicancias de la Ley 18.834 de Estatuto Administrativo, en lo relativo al Reglamento General de Calificaciones, fue lo que revisaron funcionarios del Hospital de Arica. En esta actividad participaron 40 personas, distribuidas en dos grupos, quienes se capacitaron en Sistema de Calificaciones, Decreto 1229 (de 1992), Objetivos de Desempe\u00f1o, Asignaci\u00f3n de Est\u00edmulo Funcionario y&hellip;<\/p>\n","protected":false},"author":3,"featured_media":778,"comment_status":"closed","ping_status":"closed","sticky":false,"template":"","format":"standard","meta":{"footnotes":""},"categories":[2,15],"tags":[],"class_list":["post-777","post","type-post","status-publish","format-standard","has-post-thumbnail","hentry","category-noticias","category-ultimos-cursos","category-2","category-15","description-off"],"_links":{"self":[{"href":"https:\/\/ena.cl\/index.php?rest_route=\/wp\/v2\/posts\/777","targetHints":{"allow":["GET"]}}],"collection":[{"href":"https:\/\/ena.cl\/index.php?rest_route=\/wp\/v2\/posts"}],"about":[{"href":"https:\/\/ena.cl\/index.php?rest_route=\/wp\/v2\/types\/post"}],"author":[{"embeddable":true,"href":"https:\/\/ena.cl\/index.php?rest_route=\/wp\/v2\/users\/3"}],"replies":[{"embeddable":true,"href":"https:\/\/ena.cl\/index.php?rest_route=%2Fwp%2Fv2%2Fcomments&post=777"}],"version-history":[{"count":3,"href":"https:\/\/ena.cl\/index.php?rest_route=\/wp\/v2\/posts\/777\/revisions"}],"predecessor-version":[{"id":804,"href":"https:\/\/ena.cl\/index.php?rest_route=\/wp\/v2\/posts\/777\/revisions\/804"}],"wp:featuredmedia":[{"embeddable":true,"href":"https:\/\/ena.cl\/index.php?rest_route=\/wp\/v2\/media\/778"}],"wp:attachment":[{"href":"https:\/\/ena.cl\/index.php?rest_route=%2Fwp%2Fv2%2Fmedia&parent=777"}],"wp:term":[{"taxonomy":"category","embeddable":true,"href":"https:\/\/ena.cl\/index.php?rest_route=%2Fwp%2Fv2%2Fcategories&post=777"},{"taxonomy":"post_tag","embeddable":true,"href":"https:\/\/ena.cl\/index.php?rest_route=%2Fwp%2Fv2%2Ftags&post=777"}],"curies":[{"name":"wp","href":"https:\/\/api.w.org\/{rel}","templated":true}]}}