{"id":765,"date":"2015-05-21T23:19:49","date_gmt":"2015-05-21T23:19:49","guid":{"rendered":"https:\/\/ena.cl\/?p=765"},"modified":"2015-05-22T04:17:48","modified_gmt":"2015-05-22T04:17:48","slug":"funcionarios-del-hospital-de-melipilla-se-capacitan-en-estatuto-administrativo","status":"publish","type":"post","link":"https:\/\/ena.cl\/?p=765","title":{"rendered":"Funcionarios del Hospital de Melipilla estudian el Estatuto Administrativo"},"content":{"rendered":"<p><a href=\"https:\/\/ena.cl\/wp-content\/uploads\/2015\/05\/Foto-1-Hospital-Melipilla.jpg\"><img loading=\"lazy\" decoding=\"async\" class=\"alignleft wp-image-766 size-medium\" src=\"https:\/\/ena.cl\/wp-content\/uploads\/2015\/05\/Foto-1-Hospital-Melipilla-300x225.jpg\" alt=\"Foto 1 Hospital Melipilla\" width=\"300\" height=\"225\" srcset=\"https:\/\/ena.cl\/wp-content\/uploads\/2015\/05\/Foto-1-Hospital-Melipilla-300x225.jpg 300w, https:\/\/ena.cl\/wp-content\/uploads\/2015\/05\/Foto-1-Hospital-Melipilla-600x450.jpg 600w, https:\/\/ena.cl\/wp-content\/uploads\/2015\/05\/Foto-1-Hospital-Melipilla-1024x768.jpg 1024w, https:\/\/ena.cl\/wp-content\/uploads\/2015\/05\/Foto-1-Hospital-Melipilla-1200x900.jpg 1200w, https:\/\/ena.cl\/wp-content\/uploads\/2015\/05\/Foto-1-Hospital-Melipilla-400x300.jpg 400w, https:\/\/ena.cl\/wp-content\/uploads\/2015\/05\/Foto-1-Hospital-Melipilla.jpg 1280w\" sizes=\"auto, (max-width: 300px) 100vw, 300px\" \/><\/a>32 funcionarios de distintos estamentos del Hospital San Jos\u00e9 de Melipilla se capacitaron a principios de abril en Estatuto Administrativo.<\/p>\n<p>El curso, que tuvo una duraci\u00f3n de 20 horas pedag\u00f3gicas, tuvo como objetivo que sus participantes fortalecieran sus competencias para interpretar y aplicar tanto el Estatuto Administrativo y dem\u00e1s normas complementarias, como sus reglamentos, con especial atenci\u00f3n a las disposiciones que, en materia de personal, ha incorporado la Ley de Autoridad Sanitaria.<\/p>\n<p>Para ello se revisaron las normas generales del citado estatuto, carrera funcionaria, obligaciones y derechos funcionarios, responsabilidad administrativa y proceso de calificaciones.<\/p>\n<p>La capacitaci\u00f3n fue realizada por nuestro docente Gast\u00f3n Torrijos, quien es Abogado, Profesor de Derecho P\u00fablico y Administrativo, Especialista en Funci\u00f3n P\u00fablica y Mag\u00edster en Derecho de la Universidad de Chile.<\/p>\n","protected":false},"excerpt":{"rendered":"<p>32 funcionarios de distintos estamentos del Hospital San Jos\u00e9 de Melipilla se capacitaron a principios de abril en Estatuto Administrativo. El curso, que tuvo una duraci\u00f3n de 20 horas pedag\u00f3gicas, tuvo como objetivo que sus participantes fortalecieran sus competencias para interpretar y aplicar tanto el Estatuto Administrativo y dem\u00e1s normas complementarias, como sus reglamentos, con&hellip;<\/p>\n","protected":false},"author":3,"featured_media":766,"comment_status":"closed","ping_status":"closed","sticky":false,"template":"","format":"standard","meta":{"footnotes":""},"categories":[2,15],"tags":[],"class_list":["post-765","post","type-post","status-publish","format-standard","has-post-thumbnail","hentry","category-noticias","category-ultimos-cursos","category-2","category-15","description-off"],"_links":{"self":[{"href":"https:\/\/ena.cl\/index.php?rest_route=\/wp\/v2\/posts\/765","targetHints":{"allow":["GET"]}}],"collection":[{"href":"https:\/\/ena.cl\/index.php?rest_route=\/wp\/v2\/posts"}],"about":[{"href":"https:\/\/ena.cl\/index.php?rest_route=\/wp\/v2\/types\/post"}],"author":[{"embeddable":true,"href":"https:\/\/ena.cl\/index.php?rest_route=\/wp\/v2\/users\/3"}],"replies":[{"embeddable":true,"href":"https:\/\/ena.cl\/index.php?rest_route=%2Fwp%2Fv2%2Fcomments&post=765"}],"version-history":[{"count":2,"href":"https:\/\/ena.cl\/index.php?rest_route=\/wp\/v2\/posts\/765\/revisions"}],"predecessor-version":[{"id":802,"href":"https:\/\/ena.cl\/index.php?rest_route=\/wp\/v2\/posts\/765\/revisions\/802"}],"wp:featuredmedia":[{"embeddable":true,"href":"https:\/\/ena.cl\/index.php?rest_route=\/wp\/v2\/media\/766"}],"wp:attachment":[{"href":"https:\/\/ena.cl\/index.php?rest_route=%2Fwp%2Fv2%2Fmedia&parent=765"}],"wp:term":[{"taxonomy":"category","embeddable":true,"href":"https:\/\/ena.cl\/index.php?rest_route=%2Fwp%2Fv2%2Fcategories&post=765"},{"taxonomy":"post_tag","embeddable":true,"href":"https:\/\/ena.cl\/index.php?rest_route=%2Fwp%2Fv2%2Ftags&post=765"}],"curies":[{"name":"wp","href":"https:\/\/api.w.org\/{rel}","templated":true}]}}