{"id":674,"date":"2015-03-05T08:32:46","date_gmt":"2015-03-05T08:32:46","guid":{"rendered":"https:\/\/ena.cl\/?p=674"},"modified":"2015-04-24T14:51:23","modified_gmt":"2015-04-24T14:51:23","slug":"conmemoracion-del-dia-de-la-mujer-realmente-celebramos","status":"publish","type":"post","link":"https:\/\/ena.cl\/?p=674","title":{"rendered":"Conmemoraci\u00f3n del d\u00eda de la Mujer: \u00bfRealmente Celebramos?"},"content":{"rendered":"<p><strong><em>por Pilar Zapata Coloma<\/em><\/strong><br \/>\nPeriodista, Licenciada en Comunicaci\u00f3n Social,\u00a0Magister Comunicaci\u00f3n, Educaci\u00f3n y Tecnolog\u00edas.<\/p>\n<p><img loading=\"lazy\" decoding=\"async\" class=\"alignleft  wp-image-675\" src=\"https:\/\/ena.cl\/wp-content\/uploads\/2015\/03\/diadelamujer_.jpg\" alt=\"diadelamujer_\" width=\"431\" height=\"287\" srcset=\"https:\/\/ena.cl\/wp-content\/uploads\/2015\/03\/diadelamujer_.jpg 615w, https:\/\/ena.cl\/wp-content\/uploads\/2015\/03\/diadelamujer_-600x399.jpg 600w, https:\/\/ena.cl\/wp-content\/uploads\/2015\/03\/diadelamujer_-300x199.jpg 300w\" sizes=\"auto, (max-width: 431px) 100vw, 431px\" \/>Nuevamente se conmemora el D\u00eda Internacional de la Mujer, y mientras en las oficinas les regalan flores y saludos de cortes\u00eda, a nivel estructural contin\u00faa una brecha importante que las separa de los hombres y que se traduce, en el \u00e1mbito laboral, con menores oportunidades de ascenso, sueldos m\u00e1s bajos y profesiones menos rentables.<\/p>\n<p>El cuidado de los hijos y la preocupaci\u00f3n por el hogar son responsabilidades que las mujeres han abordado desde tiempos inmemoriales. Con su ingreso al mundo laboral, esto se ha mantenido as\u00ed, generando una doble carga de trabajo para ellas: dentro y fuera de su casa. Esto dificulta las posibilidades de asumir nuevos desaf\u00edos laborales y de abrirse paso hacia puestos de mayor liderazgo.<\/p>\n<div style=\"clear: both;\"><\/div>\n<p>Sin duda que hay algunos signos de cambio en las generaciones m\u00e1s j\u00f3venes: padres que han adquirido un mayor protagonismo en la crianza de sus hijos y que se ocupan de las labores dom\u00e9sticas en conjunto con sus parejas, asumiendo ambas partes la responsabilidad del hogar.<\/p>\n<p>Sin embargo, las inequidades persisten. Recientemente El Mercurio public\u00f3 los datos de la Nueva Encuesta Suplementaria de Ingresos (NESI) del INE, la que evidencia la brecha salarial existente entre hombres y mujeres de nuestro pa\u00eds.<\/p>\n<p>En efecto, por un mismo trabajo no perciben la misma remuneraci\u00f3n. Una explicaci\u00f3n es que el sueldo de ellas sigue vi\u00e9ndose como complementario al del hombre, raz\u00f3n por las que les pagan menos aun cuando el trabajo entregado haya sido de igual o mayor calidad que la de su compa\u00f1ero.<\/p>\n<p><a href=\"https:\/\/ena.cl\/wp-content\/uploads\/2015\/03\/Foto-2-Gr\u00e1fico-Brecha-Salarial-seg\u00fan-Nivel-Educacional-disponible-en-Comunidad-Mujer.jpg\"><img loading=\"lazy\" decoding=\"async\" class=\"alignnone wp-image-687 \" src=\"https:\/\/ena.cl\/wp-content\/uploads\/2015\/03\/Foto-2-Gr\u00e1fico-Brecha-Salarial-seg\u00fan-Nivel-Educacional-disponible-en-Comunidad-Mujer.jpg\" alt=\"Foto 2 Gr\u00e1fico Brecha Salarial seg\u00fan Nivel Educacional (disponible en Comunidad Mujer)\" width=\"473\" height=\"442\" srcset=\"https:\/\/ena.cl\/wp-content\/uploads\/2015\/03\/Foto-2-Gr\u00e1fico-Brecha-Salarial-seg\u00fan-Nivel-Educacional-disponible-en-Comunidad-Mujer.jpg 620w, https:\/\/ena.cl\/wp-content\/uploads\/2015\/03\/Foto-2-Gr\u00e1fico-Brecha-Salarial-seg\u00fan-Nivel-Educacional-disponible-en-Comunidad-Mujer-600x561.jpg 600w, https:\/\/ena.cl\/wp-content\/uploads\/2015\/03\/Foto-2-Gr\u00e1fico-Brecha-Salarial-seg\u00fan-Nivel-Educacional-disponible-en-Comunidad-Mujer-300x280.jpg 300w\" sizes=\"auto, (max-width: 473px) 100vw, 473px\" \/><\/a><\/p>\n<p>Hay adem\u00e1s otro factor que incide: las mujeres tienden a estudiar carreras \u201cblandas\u201d, las que son menos rentables que las disciplinas \u201cduras\u201d. De acuerdo a datos de Comunidad Mujer en nuestro pa\u00eds hasta 4\u00ba a\u00f1o b\u00e1sico, ni\u00f1as y ni\u00f1os rinden igual en matem\u00e1ticas, pero apenas un 13,5% de las estudiantes escoge ingenier\u00eda y un 1,5% elige las ciencias. Al egresar de la educaci\u00f3n secundaria, solo un 15% de las mujeres que deciden continuar educ\u00e1ndose opta por carreras vinculadas con tecnolog\u00eda -que son las m\u00e1s valoradas y mejor remuneradas- mientras que el 52% de los hombres sigue ese camino.<\/p>\n<p>Junto con esto, se suman otras variables: las mujeres trabajan menos horas a la semana que los hombres. Si se trata de jornadas parciales, ellas ganan $3 mil por hora en promedio, mientras que ellos tienen ingresos de $4.632 por cada 60 minutos de trabajo, generando una diferencia de 33%, seg\u00fan datos del INE.<\/p>\n<p>En cuanto a nivel de estudios, la brecha subsiste. Y a mayor nivel universitario, mayor es la diferencia: los hombres con t\u00edtulo universitario ganan $988 mil mensuales en promedio y las mujeres, con igual nivel de estudios, $663 mil. Pero si siguen estudiando, la diferencia se acrecienta. As\u00ed, la renta promedio de quienes cuentan con posgrados es de $1.781.220 millones en hombres y $989.925 en mujeres, lo que da una diferencia de $791 mil. Las mujeres con posgrados ganan $7 mil por hora y los hombres $10 mil en el mismo per\u00edodo de tiempo, lo que da una menor brecha de 31%.<\/p>\n<p><a href=\"https:\/\/ena.cl\/wp-content\/uploads\/2015\/03\/grafico.jpg\"><img loading=\"lazy\" decoding=\"async\" class=\"alignnone wp-image-679 size-full\" src=\"https:\/\/ena.cl\/wp-content\/uploads\/2015\/03\/grafico.jpg\" alt=\"grafico\" width=\"630\" height=\"378\" srcset=\"https:\/\/ena.cl\/wp-content\/uploads\/2015\/03\/grafico.jpg 630w, https:\/\/ena.cl\/wp-content\/uploads\/2015\/03\/grafico-600x360.jpg 600w, https:\/\/ena.cl\/wp-content\/uploads\/2015\/03\/grafico-300x180.jpg 300w\" sizes=\"auto, (max-width: 630px) 100vw, 630px\" \/><\/a><\/p>\n<p>Al respecto es muy interesante la exposici\u00f3n en TED de Sheryl Sandberg, directora de operaciones de Facebook, quien analiza por qu\u00e9 llega a la cima de su profesi\u00f3n un porcentaje menor de mujeres que de hombres y brinda 3 grandes consejos para las mujeres que apunten a la alta direcci\u00f3n. Le recomendamos activar los subt\u00edtulos en espa\u00f1ol en la barra horizontal inferior del recuadro de video.<\/p>\n<p>&nbsp;<\/p>\n<p><iframe loading=\"lazy\" src=\"https:\/\/embed-ssl.ted.com\/talks\/sheryl_sandberg_why_we_have_too_few_women_leaders.html\" width=\"560\" height=\"315\" frameborder=\"0\" scrolling=\"no\" allowfullscreen=\"allowfullscreen\"><\/iframe><\/p>\n<p><strong>\u00bfQu\u00e9 pasa en los servicios p\u00fablicos?<\/strong><\/p>\n<p>El \u00faltimo estudio sobre esta situaci\u00f3n data del 2004 y se denomina: \u201cEl trabajo que tenemos. El trabajo que queremos. Situaci\u00f3n de la Mujer en los Servicios P\u00fablicos\u201d. Para entonces, las mujeres representaban el 60% de la fuerza laboral del Estado, la mayor parte de ellas estaba en salud, educaci\u00f3n, vivienda y previsi\u00f3n.<\/p>\n<p>De acuerdo a estos datos, hace diez a\u00f1os las mujeres ganaban en promedio menos que los hombres, pese a la Escala \u00danica de Sueldos que rige en el sector p\u00fablico. Uno de los factores que explicaba esta situaci\u00f3n era el sistema de postulaciones y la forma de contrataciones, adem\u00e1s de la segregaci\u00f3n ocupacional (por planta), calificaciones y antig\u00fcedad. Un ejemplo de esto es que el 27% de los hombres en cargos directivos, se encontraba entre los grados 1y 4; en estos mismos grados s\u00f3lo se encontraban el 12,3% de las mujeres.<\/p>\n<p>Es importante destacar que desde el 19 de junio de 2009 rige en el Estatuto Administrativo de los funcionarios p\u00fablicos una norma que establece, en su art\u00edculo 10, el principio de igualdad de trato entre hombres y mujeres y que b\u00e1sicamente consiste en que \u201cen los empleos a contrata la asignaci\u00f3n a un grado ser\u00e1 de acuerdo con la importancia de la funci\u00f3n que se desempe\u00f1e y con la capacidad, calificaci\u00f3n e idoneidad personal de quien sirva dicho cargo y, en consecuencia, les corresponder\u00e1 el sueldo y dem\u00e1s remuneraciones de ese grado, excluyendo toda discriminaci\u00f3n\u201d entre hombres y mujeres.<\/p>\n<p>En t\u00e9rminos cualitativos, este estudio mostr\u00f3 tensiones entre la vida privada de ellas y su trabajo, lo que se traduc\u00eda en: opciones para realizar horas extraordinarias remuneradas, impacto de la vida familiar en el trabajo, el desarrollo funcionario y la vida en pareja, y la valoraci\u00f3n que la familia tiene del trabajo de la mujer. Por ejemplo, entre los elementos que perjudicaban la vida en pareja, las funcionarias p\u00fablicas nombraron la prolongaci\u00f3n de la jornada laboral y la participaci\u00f3n gremial.<\/p>\n<p>Sin duda que desde el 2004, el Estado ha avanzado en t\u00e9rminos de incorporar la equidad de g\u00e9nero en sus diferentes reparticiones, a partir de las pol\u00edticas p\u00fablicas destinadas a promover y garantizar la igualdad de oportunidades entre hombres y mujeres, as\u00ed como aquellas destinadas a evitar la discriminaci\u00f3n e implementar acciones para mejorar la situaci\u00f3n laboral de las trabajadoras, tanto en el sector p\u00fablico como privado.<\/p>\n<p>La conmemoraci\u00f3n del D\u00eda Internacional de la Mujer recuerda el esfuerzo hist\u00f3rico que ellas han debido realizar para poder participar en la sociedad, en pie de igualdad con el hombre. Los esfuerzos han sido m\u00faltiples para que ellas contaran con los derechos de ir a la escuela y a la universidad; a sufragar y a trabajar remuneradamente fuera del hogar. Sin embargo, a\u00fan resta mucho para decir que existe igualdad de oportunidades en nuestro pa\u00eds.<\/p>\n<p><iframe loading=\"lazy\" src=\"https:\/\/www.youtube.com\/embed\/-m6v4U7zKuI\" width=\"560\" height=\"315\" frameborder=\"0\" allowfullscreen=\"allowfullscreen\"><\/iframe><\/p>\n<p><strong>Para m\u00e1s informaci\u00f3n recomendamos que visites:<\/strong><\/p>\n<ul>\n<li><strong>ONU Mujeres:<\/strong> <a href=\"http:\/\/www.unwomen.org\/es\">http:\/\/www.unwomen.org\/es<\/a><\/li>\n<li><strong>ONU Mujeres Channel:<\/strong> <a href=\"https:\/\/www.youtube.com\/playlist?list=PLE60A581BA7D5B96A\">https:\/\/www.youtube.com\/playlist?list=PLE60A581BA7D5B96A<\/a><\/li>\n<li><strong>Sernam:<\/strong> <a href=\"http:\/\/www.sernam.cl\">http:\/\/www.sernam.cl<\/a><\/li>\n<li><strong>Comunidad Mujer:<\/strong> <a href=\"http:\/\/www.comunidadmujer.cl\/2015\/03\/brecha-salarial-mujeres-con-posgrado-ganan-en-promedio-990-mil-y-hombres-178-mills-al-mes\">http:\/\/www.comunidadmujer.cl\/2015\/03\/brecha-salarial-mujeres-con-posgrado-ganan-en-promedio-990-mil-y-hombres-178-mills-al-mes<\/a><\/li>\n<li><strong>Estudio Sernam:<\/strong> <a href=\"http:\/\/estudios.sernam.cl\/img\/upoloads\/estudio_sector_publico.pdf\">http:\/\/estudios.sernam.cl\/img\/upoloads\/estudio_sector_publico.pdf<\/a><\/li>\n<li><strong>Estatuto Administrativo: <\/strong><a href=\"http:\/\/bcn.cl\/1lzqt\">http:\/\/bcn.cl\/1lzqt<\/a><\/li>\n<li><strong>TED: <\/strong><a href=\"http:\/\/www.ted.com\/talks\/sheryl_sandberg_why_we_have_too_few_women_leaders?language=es%23t-5780\">http:\/\/www.ted.com\/talks\/sheryl_sandberg_why_we_have_too_few_women_leaders?language=es#t-5780<\/a><\/li>\n<li><strong>Canci\u00f3n ONU Mujeres:<\/strong> <a href=\"https:\/\/www.youtube.com\/watch?v=-m6v4U7zKuI\">https:\/\/www.youtube.com\/watch?v=-m6v4U7zKuI<\/a><\/li>\n<\/ul>\n","protected":false},"excerpt":{"rendered":"<p>por Pilar Zapata Coloma Periodista, Licenciada en Comunicaci\u00f3n Social,\u00a0Magister Comunicaci\u00f3n, Educaci\u00f3n y Tecnolog\u00edas. Nuevamente se conmemora el D\u00eda Internacional de la Mujer, y mientras en las oficinas les regalan flores y saludos de cortes\u00eda, a nivel estructural contin\u00faa una brecha importante que las separa de los hombres y que se traduce, en el \u00e1mbito laboral,&hellip;<\/p>\n","protected":false},"author":1,"featured_media":675,"comment_status":"closed","ping_status":"closed","sticky":false,"template":"","format":"standard","meta":{"footnotes":""},"categories":[13,2],"tags":[],"class_list":["post-674","post","type-post","status-publish","format-standard","has-post-thumbnail","hentry","category-articulos","category-noticias","category-13","category-2","description-off"],"_links":{"self":[{"href":"https:\/\/ena.cl\/index.php?rest_route=\/wp\/v2\/posts\/674","targetHints":{"allow":["GET"]}}],"collection":[{"href":"https:\/\/ena.cl\/index.php?rest_route=\/wp\/v2\/posts"}],"about":[{"href":"https:\/\/ena.cl\/index.php?rest_route=\/wp\/v2\/types\/post"}],"author":[{"embeddable":true,"href":"https:\/\/ena.cl\/index.php?rest_route=\/wp\/v2\/users\/1"}],"replies":[{"embeddable":true,"href":"https:\/\/ena.cl\/index.php?rest_route=%2Fwp%2Fv2%2Fcomments&post=674"}],"version-history":[{"count":15,"href":"https:\/\/ena.cl\/index.php?rest_route=\/wp\/v2\/posts\/674\/revisions"}],"predecessor-version":[{"id":694,"href":"https:\/\/ena.cl\/index.php?rest_route=\/wp\/v2\/posts\/674\/revisions\/694"}],"wp:featuredmedia":[{"embeddable":true,"href":"https:\/\/ena.cl\/index.php?rest_route=\/wp\/v2\/media\/675"}],"wp:attachment":[{"href":"https:\/\/ena.cl\/index.php?rest_route=%2Fwp%2Fv2%2Fmedia&parent=674"}],"wp:term":[{"taxonomy":"category","embeddable":true,"href":"https:\/\/ena.cl\/index.php?rest_route=%2Fwp%2Fv2%2Fcategories&post=674"},{"taxonomy":"post_tag","embeddable":true,"href":"https:\/\/ena.cl\/index.php?rest_route=%2Fwp%2Fv2%2Ftags&post=674"}],"curies":[{"name":"wp","href":"https:\/\/api.w.org\/{rel}","templated":true}]}}