{"id":56183,"date":"2025-08-05T10:47:11","date_gmt":"2025-08-05T14:47:11","guid":{"rendered":"https:\/\/ena.cl\/?p=56183"},"modified":"2025-08-05T10:48:09","modified_gmt":"2025-08-05T14:48:09","slug":"lactancia-materna-un-acto-de-amor-y-un-compromiso-con-nuestro-planeta","status":"publish","type":"post","link":"https:\/\/ena.cl\/?p=56183","title":{"rendered":"Lactancia materna, un acto de amor y un compromiso con nuestro planeta"},"content":{"rendered":"<div class=\"wpb-content-wrapper\"><p>[vc_row][vc_column][vc_single_image image=&#8221;56184&#8243; img_size=&#8221;full&#8221;][vc_column_text]Desde el 1\u00b0 y hasta el 7 de agosto se celebra la Semana Mundial de la Lactancia Materna (SMLM), impulsada por la <em>Alianza Mundial Para la Acci\u00f3n a Favor de la Lactancia Materna<\/em> (WABA) entidad que trabaja en conjunto con la <em>Organizaci\u00f3n Mundial de la Salud <\/em>(OMS), la UNICEF y diversas organizaciones internacionales, para promover la lactancia materna. El lema de este a\u00f1o es <em>\u201cprioricemos la lactancia, construyendo sistemas de apoyo sostenibles&#8221;, <\/em>centr\u00e1ndose en el medioambiente y cambio clim\u00e1tico, dando prioridad a la lactancia materna mediante la construcci\u00f3n de sistemas de apoyo s\u00f3lidos y sostenibles.<\/p>\n<p>Seg\u00fan un informe especial de la prestigiosa revista cient\u00edfica LANCET, actualmente la mayor amenaza para la salud mundial, es la sindemia de la desnutrici\u00f3n, obesidad y cambio clim\u00e1tico, estableciendo la necesidad de reorientar los modelos de negocio, los sistemas alimentarios e involucrando la participaci\u00f3n de la sociedad, para lograr una mejor salud (<em>The Lancet Commissions Vol 393\u00a0\u00a0 February 23, 2019<\/em>). Frente a esta problem\u00e1tica, una de las soluciones podr\u00eda estar m\u00e1s cerca de lo que pensamos: el v\u00ednculo entre el binomio madre-hijo, a trav\u00e9s de la lactancia materna.<\/p>\n<p>Las f\u00f3rmulas infantiles son alimentos ultraprocesados, con cadenas de suministro altamente complejas, basadas en el procesamiento combinado de leche de vaca, aceites vegetales, vitaminas y minerales, para lograr un aporte nutricional simular al de la leche materna. Estos ingredientes provienen de cadenas globales, donde la producci\u00f3n primaria y el suministro a menudo tienen lugar en pa\u00edses diferentes a donde fue producida la f\u00f3rmula. Una reciente investigaci\u00f3n compar\u00f3 la alimentaci\u00f3n con f\u00f3rmula infantil y la lactancia materna exclusiva, analizando su impacto ambiental, concluyendo que, en 4 meses de cada tipo de alimentaci\u00f3n, la lactancia genera un 70% menos de acidificaci\u00f3n de suelo, 38% menos potencial de calentamiento global, 72% menos acidificaci\u00f3n de terrestre y un 41% menos uso de suelo (<em>Int. J. Environ. Res. Public Health 2022, 19, 6397<\/em>). As\u00ed mismo, una investigaci\u00f3n analiz\u00f3 la huella de carbono de las f\u00f3rmulas infantiles, que requiere una producci\u00f3n masiva por parte de la industria l\u00e1ctea, lo que implica pl\u00e1stico y otros desechos, concluyendo que involucra la degradaci\u00f3n de suelos, y que cada kilogramo de f\u00f3rmula gener\u00f3 4 kg de di\u00f3xido de carbono (CO2) durante su producci\u00f3n. En este entendido, la protecci\u00f3n, el apoyo y la promoci\u00f3n de la lactancia materna ayudan a salvaguardar la salud humana y del planeta al minimizar el da\u00f1o ambiental (<em>International Breastfeeding Journal 2019, 14:49<\/em>).<\/p>\n<p>Se ha establecido que la lactancia materna es una de las inversiones m\u00e1s eficaces y rentables que las naciones pueden realizar en favor de la salud futura de sus econom\u00edas y sociedades, asociado a los m\u00faltiples beneficios de la lactancia materna reportados en la evidencia cient\u00edfica internacional y nacional: menor riesgo de infecciones (de todo tipo), menor respuesta al\u00e9rgica, contribuye a establecer patrones de aprendizaje y conductas esenciales para el desarrollo, menor riesgo de obesidad y alteraciones metab\u00f3licas adem\u00e1s de ser un alimento sustentable, otorgando beneficios al planeta y tambi\u00e9n a sus madres.<\/p>\n<p>Para que m\u00e1s madres puedan amamantar en forma efectiva y duradera a sus hijos e hijas, es necesario crear sistemas de apoyo s\u00f3lidos y sostenibles en el tiempo. Si bien es un proceso natural, existen m\u00faltiples factores que pueden influir en su inicio y duraci\u00f3n, destacando los factores biopsicosociales, las condiciones propias de la madre y las del ni\u00f1o o ni\u00f1a. Por ende, se requiere un entorno que promueva, proteja y respalde el libre derecho a amamantar. De esta forma, un sistema sostenible es aquel que se integra en la estructura social, econ\u00f3mica y de salud.<\/p>\n<p>Pol\u00edticas p\u00fablicas y laborales, tales como licencias de maternidad y paternidad flexibles y remuneradas, post natal extendido, espacios de lactancia dignos en los lugares de trabajo. A su vez, sistemas de salud capacitados y disponibles para brindar informaci\u00f3n basada en evidencia, desde la gestaci\u00f3n, el parto y el post parto, apoyar a las d\u00edadas en cada proceso individual, atendiendo a sus necesidades, resolver dudas y ofrecer ayuda oportuna, respetando las decisiones informadas que puedan tomar las madres y\/o las familias. El entorno social cumple un rol esencial, generando una cultura de cuidado y protecci\u00f3n en torno a la lactancia materna, ya sea en los espacios p\u00fablicos, as\u00ed como la conformaci\u00f3n de redes de apoyo.<\/p>\n<p>Actualmente en Chile, seg\u00fan datos del Ministerio de Salud, para el a\u00f1o 2022, un 55,6% de las madres amamantan a sus hijos hasta el 6\u00b0 mes de vida del lactante, evidenciando una disminuci\u00f3n respecto del a\u00f1o 2019 con un 61%, lo que subraya la necesidad de seguir trabajando en pol\u00edticas p\u00fablicas que promuevan y prolonguen su exclusividad y duraci\u00f3n, teniendo en cuenta los determinantes sociales de cada territorio. Datos preliminares del DEIS para la regi\u00f3n del Biob\u00edo, indican que el servicio de salud (SS) Biob\u00edo tiene la prevalencia m\u00e1s alta con un 62%, mientras que el SS Concepci\u00f3n reflej\u00f3 la cifra m\u00e1s baja, de un 45%, reflejando la diversidad en las metas de LME para una misma regi\u00f3n y por tanto la necesidad de contar con estrategias locales efectivas.<\/p>\n<p>Chile cuenta con una Estrategia Nacional de Lactancia materna que contempla pol\u00edticas p\u00fablicas enfocadas promover la lactancia materna y la salud del binomio madre-hijo (a), como legislaciones laborales y de protecci\u00f3n a la lactancia, la implementaci\u00f3n de cl\u00ednicas de lactancia, el programa Chile Crece Contigo, las organizaciones sociales y educativas enfocadas hacia la lactancia materna y crianza, los Grupos de Apoyo a la Lactancia Materna, entre otros, que sin duda han contribuido a apoyar a las madres y familias, logrando mantener las metas de lactancia, a\u00fan existen brechas para facilitar la lactancia materna en mujeres con expectativa laboral y profesional (como la educaci\u00f3n superior) as\u00ed como tambi\u00e9n en aquellos grupos vulnerables como personas migrantes, comunidad LGTBI, entre otras. Por otro lado, la lactancia materna extendida hasta los 12 meses alcanza un 30% y s\u00f3lo un 12% recibe leche materna hasta los 2 a\u00f1os o m\u00e1s.<\/p>\n<p>Fomentar y proteger la lactancia materna debe continuar siendo una prioridad en las estrategias locales y nacionales enfocadas a la primera infancia, promover a su vez la investigaci\u00f3n cient\u00edfica, para disponer de informaci\u00f3n local y aumentar el conocimiento que tenemos de este tema en poblaci\u00f3n chilena, lo que ha demostrado aumentar la efectividad de estrategias locales en salud p\u00fablica.<\/p>\n<p><strong>Nicole Lasserre-Laso<br \/>\n<\/strong>Nutricionista, MSc. Nutrici\u00f3n Humana<strong><br \/>\n<\/strong>Acad\u00e9mica Escuela Nutrici\u00f3n y Diet\u00e9tica Universidad Santo Tom\u00e1s <strong><br \/>\n<\/strong>Investigadora Consorcio ELHOC Research[\/vc_column_text][\/vc_column][\/vc_row]<\/p>\n<\/div>","protected":false},"excerpt":{"rendered":"<p>[vc_row][vc_column][vc_single_image image=&#8221;56184&#8243; img_size=&#8221;full&#8221;][vc_column_text]Desde el 1\u00b0 y hasta el 7 de agosto se celebra la Semana Mundial de la Lactancia Materna (SMLM), impulsada por la Alianza Mundial Para la Acci\u00f3n a Favor de la Lactancia Materna (WABA) entidad que trabaja en conjunto con la Organizaci\u00f3n Mundial de la Salud (OMS), la UNICEF y diversas organizaciones internacionales,&hellip;<\/p>\n","protected":false},"author":1,"featured_media":56185,"comment_status":"closed","ping_status":"closed","sticky":false,"template":"","format":"standard","meta":{"footnotes":""},"categories":[13],"tags":[],"class_list":["post-56183","post","type-post","status-publish","format-standard","has-post-thumbnail","hentry","category-articulos","category-13","description-off"],"_links":{"self":[{"href":"https:\/\/ena.cl\/index.php?rest_route=\/wp\/v2\/posts\/56183","targetHints":{"allow":["GET"]}}],"collection":[{"href":"https:\/\/ena.cl\/index.php?rest_route=\/wp\/v2\/posts"}],"about":[{"href":"https:\/\/ena.cl\/index.php?rest_route=\/wp\/v2\/types\/post"}],"author":[{"embeddable":true,"href":"https:\/\/ena.cl\/index.php?rest_route=\/wp\/v2\/users\/1"}],"replies":[{"embeddable":true,"href":"https:\/\/ena.cl\/index.php?rest_route=%2Fwp%2Fv2%2Fcomments&post=56183"}],"version-history":[{"count":1,"href":"https:\/\/ena.cl\/index.php?rest_route=\/wp\/v2\/posts\/56183\/revisions"}],"predecessor-version":[{"id":56186,"href":"https:\/\/ena.cl\/index.php?rest_route=\/wp\/v2\/posts\/56183\/revisions\/56186"}],"wp:featuredmedia":[{"embeddable":true,"href":"https:\/\/ena.cl\/index.php?rest_route=\/wp\/v2\/media\/56185"}],"wp:attachment":[{"href":"https:\/\/ena.cl\/index.php?rest_route=%2Fwp%2Fv2%2Fmedia&parent=56183"}],"wp:term":[{"taxonomy":"category","embeddable":true,"href":"https:\/\/ena.cl\/index.php?rest_route=%2Fwp%2Fv2%2Fcategories&post=56183"},{"taxonomy":"post_tag","embeddable":true,"href":"https:\/\/ena.cl\/index.php?rest_route=%2Fwp%2Fv2%2Ftags&post=56183"}],"curies":[{"name":"wp","href":"https:\/\/api.w.org\/{rel}","templated":true}]}}