{"id":561,"date":"2014-08-29T15:00:37","date_gmt":"2014-08-29T15:00:37","guid":{"rendered":"https:\/\/ena.cl\/?p=561"},"modified":"2022-05-01T03:24:40","modified_gmt":"2022-05-01T03:24:40","slug":"profesionales-de-fenasenf-estudian-los-efectos-de-las-calificaciones-y-el-sumario-administrativo-en-las-remuneraciones-funcionarias","status":"publish","type":"post","link":"https:\/\/ena.cl\/?p=561","title":{"rendered":"Profesionales de FENASENF estudian los efectos de las Calificaciones y el Sumario Administrativo en las Remuneraciones Funcionarias"},"content":{"rendered":"<p><a href=\"https:\/\/ena.cl\/wp-content\/uploads\/2014\/09\/IMG_3250.jpg\"><img loading=\"lazy\" decoding=\"async\" class=\"alignleft wp-image-562 size-medium\" src=\"https:\/\/ena.cl\/wp-content\/uploads\/2014\/09\/IMG_3250-300x225.jpg\" alt=\"IMG_3250\" width=\"300\" height=\"225\" srcset=\"https:\/\/ena.cl\/wp-content\/uploads\/2014\/09\/IMG_3250-300x225.jpg 300w, https:\/\/ena.cl\/wp-content\/uploads\/2014\/09\/IMG_3250-600x450.jpg 600w, https:\/\/ena.cl\/wp-content\/uploads\/2014\/09\/IMG_3250-1024x768.jpg 1024w, https:\/\/ena.cl\/wp-content\/uploads\/2014\/09\/IMG_3250-1200x900.jpg 1200w, https:\/\/ena.cl\/wp-content\/uploads\/2014\/09\/IMG_3250-400x300.jpg 400w, https:\/\/ena.cl\/wp-content\/uploads\/2014\/09\/IMG_3250.jpg 1600w\" sizes=\"auto, (max-width: 300px) 100vw, 300px\" \/><\/a><\/p>\n<p style=\"text-align: justify;\">El pasado viernes 29 de agosto, en el marco del desarrollo de la asamblea nacional de dirigentas y dirigentes de Fenasenf, Federaci\u00f3n que agrupa a las Asociaciones de Enfermeras y Enfermeros que se desempe\u00f1an en los distintos Establecimientos de los Servicios de Salud, es que se realiz\u00f3 en el Audit\u00f3rium Dr. Emilio Salinas Donoso del Hospital de Urgencia Asistencia P\u00fablica, la Jornada de Estudio denominada \u201cEfectos del Sistema Calificatorio y la Responsabilidad Administrativa en las Remuneraciones Funcionarias\u201d.<\/p>\n<p style=\"text-align: justify;\">Esta actividad, que se llev\u00f3 a efecto en virtud del Programa de Responsabilidad Social de nuestra Escuela, estuvo a cargo de dos expositores de reconocido prestigio y experiencia a nivel nacional como son los docentes e investigadores Sr. Paul Valdivia Poblete, Contador Auditor, especialista en contabilidad y Gast\u00f3n Torrijos Gatica, Abogado, especialista en Derecho Administrativo, y Magister en Derecho Judicial.<\/p>\n<p style=\"text-align: justify;\">La primera de las charlas abord\u00f3 los efectos de las Calificaciones Funcionarias en la asignaci\u00f3n de est\u00edmulo por experiencia y desempe\u00f1o funcionario regulada en la Ley 19.490 que establece asignaciones y bonificaciones para el personal sector salud, en tanto que la segunda charla tuvo por objeto abordar los Procedimientos de la Responsabilidad Administrativa: Investigaci\u00f3n Sumaria y Sumario Administrativo, y adem\u00e1s, los efectos de las medidas disciplinarias en la percepci\u00f3n del citado beneficio remuneratorio.<\/p>\n<p style=\"text-align: justify;\">En la ocasi\u00f3n se capacit\u00f3 a 35 profesionales dirigentes, todas Enfermeras y Enfermeros, provenientes de Hospitales del norte, centro y sur de nuestro pa\u00eds, esto es, desde el Hospital Juan No\u00e9 de Arica hasta el Hospital Cl\u00ednico de Magallanes.<\/p>\n","protected":false},"excerpt":{"rendered":"<p>El pasado viernes 29 de agosto, en el marco del desarrollo de la asamblea nacional de dirigentas y dirigentes de Fenasenf<\/p>\n","protected":false},"author":3,"featured_media":562,"comment_status":"closed","ping_status":"closed","sticky":false,"template":"","format":"standard","meta":{"footnotes":""},"categories":[11,2],"tags":[],"class_list":["post-561","post","type-post","status-publish","format-standard","has-post-thumbnail","hentry","category-extension","category-noticias","category-11","category-2","description-off"],"_links":{"self":[{"href":"https:\/\/ena.cl\/index.php?rest_route=\/wp\/v2\/posts\/561","targetHints":{"allow":["GET"]}}],"collection":[{"href":"https:\/\/ena.cl\/index.php?rest_route=\/wp\/v2\/posts"}],"about":[{"href":"https:\/\/ena.cl\/index.php?rest_route=\/wp\/v2\/types\/post"}],"author":[{"embeddable":true,"href":"https:\/\/ena.cl\/index.php?rest_route=\/wp\/v2\/users\/3"}],"replies":[{"embeddable":true,"href":"https:\/\/ena.cl\/index.php?rest_route=%2Fwp%2Fv2%2Fcomments&post=561"}],"version-history":[{"count":2,"href":"https:\/\/ena.cl\/index.php?rest_route=\/wp\/v2\/posts\/561\/revisions"}],"predecessor-version":[{"id":3295,"href":"https:\/\/ena.cl\/index.php?rest_route=\/wp\/v2\/posts\/561\/revisions\/3295"}],"wp:featuredmedia":[{"embeddable":true,"href":"https:\/\/ena.cl\/index.php?rest_route=\/wp\/v2\/media\/562"}],"wp:attachment":[{"href":"https:\/\/ena.cl\/index.php?rest_route=%2Fwp%2Fv2%2Fmedia&parent=561"}],"wp:term":[{"taxonomy":"category","embeddable":true,"href":"https:\/\/ena.cl\/index.php?rest_route=%2Fwp%2Fv2%2Fcategories&post=561"},{"taxonomy":"post_tag","embeddable":true,"href":"https:\/\/ena.cl\/index.php?rest_route=%2Fwp%2Fv2%2Ftags&post=561"}],"curies":[{"name":"wp","href":"https:\/\/api.w.org\/{rel}","templated":true}]}}