{"id":55775,"date":"2024-08-12T09:41:44","date_gmt":"2024-08-12T13:41:44","guid":{"rendered":"https:\/\/ena.cl\/?p=55775"},"modified":"2024-08-12T10:04:42","modified_gmt":"2024-08-12T14:04:42","slug":"prevencion-de-mals-ley-karin-y-convenio-190","status":"publish","type":"post","link":"https:\/\/ena.cl\/?p=55775","title":{"rendered":"Curso Prevenci\u00f3n de MALS, Ley Karin y Convenio 190"},"content":{"rendered":"<p><span dir=\"ltr\" role=\"presentation\"><img loading=\"lazy\" decoding=\"async\" class=\"alignleft  wp-image-55791\" src=\"https:\/\/ena.cl\/wp-content\/uploads\/2024\/08\/cursomals-1.png\" alt=\"\" width=\"345\" height=\"259\" srcset=\"https:\/\/ena.cl\/wp-content\/uploads\/2024\/08\/cursomals-1.png 900w, https:\/\/ena.cl\/wp-content\/uploads\/2024\/08\/cursomals-1-300x225.png 300w, https:\/\/ena.cl\/wp-content\/uploads\/2024\/08\/cursomals-1-768x577.png 768w, https:\/\/ena.cl\/wp-content\/uploads\/2024\/08\/cursomals-1-600x451.png 600w\" sizes=\"auto, (max-width: 345px) 100vw, 345px\" \/>Durante el mes de junio realizamos el curso de <strong>Prevenci\u00f3n de MALS, Ley Karin y Convenio 190<\/strong> para el <strong>Hospital el Pino.<\/strong><\/span><\/p>\n<p>El curso tuvo por objetivo, &#8220;Comprender y aplicar, con perspectiva de g\u00e9nero, los marcos normativos y jurisprudenciales nacionales e internacionales relacionados con el acoso laboral, el maltrato laboral, el acoso sexual y la discriminaci\u00f3n arbitraria en el \u00e1mbito laboral, para identificar y prevenir situaciones de vulneraci\u00f3n de los derechos fundamentales de los funcionarios p\u00fablicos y promover ambientes laborales inclusivos y libres de violencia, a trav\u00e9s del an\u00e1lisis cr\u00edtico de la normativa, jurisprudencia y casos pr\u00e1cticos relevantes, y el conocimiento de las estrategias de prevenci\u00f3n, intervenci\u00f3n y recursos disponibles en sede administrativa y judicial. Este objetivo incluye el an\u00e1lisis de las modificaciones introducidas por la Ley 21.643, tambi\u00e9n conocida como; Ley Karin; la cual modifica el C\u00f3digo del Trabajo y otros cuerpos legales en materia de prevenci\u00f3n, investigaci\u00f3n y sanci\u00f3n del acoso laboral, sexual o de violencia en el trabajo, asegurando as\u00ed una comprensi\u00f3n integral de la legislaci\u00f3n vigente y sus implicaciones en el \u00e1mbito laboral.&#8221;<\/p>\n<p>La actividad se realiz\u00f3 desde el 11\u00a0 al 24\u00a0 de junio en nuestra Aula Virtual.<\/p>\n<p>Si necesitas m\u00e1s informaci\u00f3n, <a href=\"https:\/\/ena.cl\/programa\/\">revisa nuestra oferta acad\u00e9mica<\/a><\/p>\n<div id=\"simple-translate\" class=\"simple-translate-system-theme\">\n<div>\n<div class=\"simple-translate-button isShow\" style=\"background-image: url('moz-extension:\/\/a393a9f5-6c22-4fd7-b11b-bc41e8475fd9\/icons\/512.png'); height: 22px; width: 22px; top: 44px; left: 388px;\"><\/div>\n<div class=\"simple-translate-panel \" style=\"width: 300px; height: 200px; top: 0px; left: 0px; font-size: 13px;\">\n<div class=\"simple-translate-result-wrapper\" style=\"overflow: hidden;\">\n<div class=\"simple-translate-move\" draggable=\"true\"><\/div>\n<div class=\"simple-translate-result-contents\">\n<p class=\"simple-translate-candidate\" dir=\"auto\">\n<\/div>\n<\/div>\n<\/div>\n<\/div>\n<\/div>\n","protected":false},"excerpt":{"rendered":"<p>El curso tuvo por objetivo, &#8220;Comprender y aplicar, con perspectiva de g\u00e9nero, los marcos normativos y jurisprudenciales nacionales e internacionales relacionados con el acoso laboral, el maltrato laboral, el acoso sexual y la discriminaci\u00f3n arbitraria en el \u00e1mbito laboral&#8230;<\/p>\n","protected":false},"author":1,"featured_media":55791,"comment_status":"closed","ping_status":"closed","sticky":false,"template":"","format":"standard","meta":{"footnotes":""},"categories":[449,2],"tags":[],"class_list":["post-55775","post","type-post","status-publish","format-standard","has-post-thumbnail","hentry","category-destacados","category-noticias","category-449","category-2","description-off"],"_links":{"self":[{"href":"https:\/\/ena.cl\/index.php?rest_route=\/wp\/v2\/posts\/55775","targetHints":{"allow":["GET"]}}],"collection":[{"href":"https:\/\/ena.cl\/index.php?rest_route=\/wp\/v2\/posts"}],"about":[{"href":"https:\/\/ena.cl\/index.php?rest_route=\/wp\/v2\/types\/post"}],"author":[{"embeddable":true,"href":"https:\/\/ena.cl\/index.php?rest_route=\/wp\/v2\/users\/1"}],"replies":[{"embeddable":true,"href":"https:\/\/ena.cl\/index.php?rest_route=%2Fwp%2Fv2%2Fcomments&post=55775"}],"version-history":[{"count":3,"href":"https:\/\/ena.cl\/index.php?rest_route=\/wp\/v2\/posts\/55775\/revisions"}],"predecessor-version":[{"id":55792,"href":"https:\/\/ena.cl\/index.php?rest_route=\/wp\/v2\/posts\/55775\/revisions\/55792"}],"wp:featuredmedia":[{"embeddable":true,"href":"https:\/\/ena.cl\/index.php?rest_route=\/wp\/v2\/media\/55791"}],"wp:attachment":[{"href":"https:\/\/ena.cl\/index.php?rest_route=%2Fwp%2Fv2%2Fmedia&parent=55775"}],"wp:term":[{"taxonomy":"category","embeddable":true,"href":"https:\/\/ena.cl\/index.php?rest_route=%2Fwp%2Fv2%2Fcategories&post=55775"},{"taxonomy":"post_tag","embeddable":true,"href":"https:\/\/ena.cl\/index.php?rest_route=%2Fwp%2Fv2%2Ftags&post=55775"}],"curies":[{"name":"wp","href":"https:\/\/api.w.org\/{rel}","templated":true}]}}