{"id":55766,"date":"2024-08-12T09:15:02","date_gmt":"2024-08-12T13:15:02","guid":{"rendered":"https:\/\/ena.cl\/?p=55766"},"modified":"2026-03-17T11:32:01","modified_gmt":"2026-03-17T14:32:01","slug":"salud-publica","status":"publish","type":"post","link":"https:\/\/ena.cl\/?p=55766","title":{"rendered":"Programas en  Salud P\u00fablica, Nutrici\u00f3n y Autocuidado"},"content":{"rendered":"<div class=\"wpb-content-wrapper\"><p>[vc_row css_animation=&#8221;bottom-to-top&#8221; el_class=&#8221;mpc-small-bm&#8221; margin_bottom=&#8221;4em&#8221; css=&#8221;.vc_custom_1773756986954{margin-top: 50px !important;margin-bottom: 4em !important;padding-right: 100px !important;padding-left: 100px !important;}&#8221;][vc_column width=&#8221;1\/3&#8243;][vc_single_image image=&#8221;56441&#8243; img_size=&#8221;full&#8221; onclick=&#8221;custom_link&#8221; img_link_target=&#8221;_blank&#8221; link=&#8221;https:\/\/ena.cl\/?page_id=56499&#8243;][\/vc_column][vc_column width=&#8221;2\/3&#8243;][vc_column_text]El <strong>Programa de Educaci\u00f3n Continua en Salud P\u00fablica, Nutrici\u00f3n y Autocuidado<\/strong> se enfoca en preparar a los equipos de salud tanto de la Autoridad Sanitaria, los Servicios de Salud y sus Establecimientos como de la Atenci\u00f3n Primaria para enfrentar los desaf\u00edos del sector y brindar servicios inclusivos y equitativos a la comunidad.<\/p>\n<p>Nuestros cursos ofrecen herramientas y habilidades pr\u00e1cticas que mejoran la capacidad de quienes se desempe\u00f1an en la salud para ofrecer un trabajo efectivo y brindar atenci\u00f3n de calidad a las personas en relaci\u00f3n con acciones vinculadas a su atenci\u00f3n de salud. Adem\u00e1s, nuestro enfoque en la perspectiva de g\u00e9nero en la salud asegura que quienes integran los equipos de salud posean una mejor preparaci\u00f3n para atender a las necesidades de todas las personas. Con estas habilidades, quienes integran los equipos de salud pueden brindar servicios m\u00e1s eficientes y de alta calidad, lo que resulta en una mejor salud y bienestar para la comunidad[\/vc_column_text][vc_btn title=&#8221;Ver brochure del programa&#8221; style=&#8221;custom&#8221; custom_background=&#8221;#ad3927&#8243; custom_text=&#8221;#ffffff&#8221; shape=&#8221;square&#8221; link=&#8221;url:https%3A%2F%2Fena.cl%2F%3Fpage_id%3D56499&#8243; el_class=&#8221;boton_ena&#8221;][\/vc_column][\/vc_row][vc_row full_width=&#8221;stretch_row&#8221; css=&#8221;.vc_custom_1773754295157{padding-top: 50px !important;padding-right: 50px !important;padding-left: 50px !important;background-color: #f4f4f4 !important;}&#8221;][vc_column]<div id=\"ultimate-heading-223969f588b45cfe5\" class=\"uvc-heading ult-adjust-bottom-margin ultimate-heading-223969f588b45cfe5 uvc-1324 \" data-hspacer=\"no_spacer\"  data-halign=\"left\" style=\"text-align:left\"><div class=\"uvc-heading-spacer no_spacer\" style=\"top\"><\/div><div class=\"uvc-main-heading ult-responsive\"  data-ultimate-target='.uvc-heading.ultimate-heading-223969f588b45cfe5 h2'  data-responsive-json-new='{\"font-size\":\"desktop:35px;\",\"line-height\":\"\"}' ><h2 style=\"--font-weight:theme;\">Cursos Destacados<\/h2><\/div><div class=\"uvc-sub-heading ult-responsive\"  data-ultimate-target='.uvc-heading.ultimate-heading-223969f588b45cfe5 .uvc-sub-heading '  data-responsive-json-new='{\"font-size\":\"\",\"line-height\":\"\"}'  style=\"font-weight:normal;\">Explora cursos dise\u00f1ados para mejorar la gesti\u00f3n p\u00fablica y fortalecer el desempe\u00f1o profesional en distintas \u00e1reas clave.<\/div><\/div>[vc_basic_grid post_type=&#8221;product&#8221; max_items=&#8221;12&#8243; style=&#8221;load-more&#8221; items_per_page=&#8221;12&#8243; show_filter=&#8221;yes&#8221; element_width=&#8221;3&#8243; filter_color=&#8221;white&#8221; item=&#8221;56112&#8243; grid_id=&#8221;vc_gid:1773757105318-fb64dd78-7fad-9&#8243; taxonomies=&#8221;35&#8243; filter_source=&#8221;category&#8221; css=&#8221;.vc_custom_1773757030128{margin-top: 50px !important;}&#8221;][\/vc_column][\/vc_row]<\/p>\n<\/div>","protected":false},"excerpt":{"rendered":"<p>[vc_row css_animation=&#8221;bottom-to-top&#8221; el_class=&#8221;mpc-small-bm&#8221; margin_bottom=&#8221;4em&#8221; css=&#8221;.vc_custom_1773756986954{margin-top: 50px !important;margin-bottom: 4em !important;padding-right: 100px !important;padding-left: 100px !important;}&#8221;][vc_column width=&#8221;1\/3&#8243;][vc_single_image image=&#8221;56441&#8243; img_size=&#8221;full&#8221; onclick=&#8221;custom_link&#8221; img_link_target=&#8221;_blank&#8221; link=&#8221;https:\/\/ena.cl\/?page_id=56499&#8243;][\/vc_column][vc_column width=&#8221;2\/3&#8243;][vc_column_text]El Programa de Educaci\u00f3n Continua en Salud P\u00fablica, Nutrici\u00f3n y Autocuidado se enfoca en preparar a los equipos de salud tanto de la Autoridad Sanitaria, los Servicios de Salud y sus Establecimientos como de la Atenci\u00f3n&hellip;<\/p>\n","protected":false},"author":1,"featured_media":0,"comment_status":"closed","ping_status":"closed","sticky":false,"template":"","format":"standard","meta":{"footnotes":""},"categories":[452],"tags":[],"class_list":["post-55766","post","type-post","status-publish","format-standard","hentry","category-programas-educacion-continua","category-452","description-off"],"_links":{"self":[{"href":"https:\/\/ena.cl\/index.php?rest_route=\/wp\/v2\/posts\/55766","targetHints":{"allow":["GET"]}}],"collection":[{"href":"https:\/\/ena.cl\/index.php?rest_route=\/wp\/v2\/posts"}],"about":[{"href":"https:\/\/ena.cl\/index.php?rest_route=\/wp\/v2\/types\/post"}],"author":[{"embeddable":true,"href":"https:\/\/ena.cl\/index.php?rest_route=\/wp\/v2\/users\/1"}],"replies":[{"embeddable":true,"href":"https:\/\/ena.cl\/index.php?rest_route=%2Fwp%2Fv2%2Fcomments&post=55766"}],"version-history":[{"count":23,"href":"https:\/\/ena.cl\/index.php?rest_route=\/wp\/v2\/posts\/55766\/revisions"}],"predecessor-version":[{"id":56503,"href":"https:\/\/ena.cl\/index.php?rest_route=\/wp\/v2\/posts\/55766\/revisions\/56503"}],"wp:attachment":[{"href":"https:\/\/ena.cl\/index.php?rest_route=%2Fwp%2Fv2%2Fmedia&parent=55766"}],"wp:term":[{"taxonomy":"category","embeddable":true,"href":"https:\/\/ena.cl\/index.php?rest_route=%2Fwp%2Fv2%2Fcategories&post=55766"},{"taxonomy":"post_tag","embeddable":true,"href":"https:\/\/ena.cl\/index.php?rest_route=%2Fwp%2Fv2%2Ftags&post=55766"}],"curies":[{"name":"wp","href":"https:\/\/api.w.org\/{rel}","templated":true}]}}