{"id":55758,"date":"2024-08-11T13:19:35","date_gmt":"2024-08-11T17:19:35","guid":{"rendered":"https:\/\/ena.cl\/?p=55758"},"modified":"2026-03-17T11:36:00","modified_gmt":"2026-03-17T14:36:00","slug":"derecho-publico","status":"publish","type":"post","link":"https:\/\/ena.cl\/?p=55758","title":{"rendered":"Programas en Derecho Constitucional, P\u00fablico, Regulatorio, Laboral, y de la Salud"},"content":{"rendered":"<div class=\"wpb-content-wrapper\"><p>[vc_row css_animation=&#8221;bottom-to-top&#8221; el_class=&#8221;mpc-small-bm&#8221; margin_bottom=&#8221;4em&#8221; css=&#8221;.vc_custom_1773757581185{margin-top: 50px !important;margin-bottom: 4em !important;padding-right: 150px !important;padding-left: 150px !important;}&#8221;][vc_column width=&#8221;1\/3&#8243;][vc_single_image image=&#8221;56446&#8243; img_size=&#8221;full&#8221; onclick=&#8221;custom_link&#8221; img_link_target=&#8221;_blank&#8221; link=&#8221;https:\/\/ena.cl\/?page_id=56507&#8243;][\/vc_column][vc_column width=&#8221;2\/3&#8243;][vc_column_text]El <strong>Programa de Educaci\u00f3n Continua en Derecho <\/strong><strong>P\u00fablico<\/strong> es el m\u00e1s antiguo de la Escuela Nacional de Administraci\u00f3n P\u00fablica &#8211; ENA, con m\u00e1s de veintid\u00f3s a\u00f1os de trayectoria, ofrece actividades propias del derecho administrativo y regulatorio, laboral y de la seguridad social, de la salud y del derecho constitucional. Todas estas actividades est\u00e1n dise\u00f1adas con una perspectiva de g\u00e9nero y son impartidas por docentes cuya excelencia acad\u00e9mica asegura una educaci\u00f3n de calidad para preparar a los estudiantes en sus desaf\u00edos institucionales, el correcto desempe\u00f1o de la funci\u00f3n p\u00fablica y la respuesta a las demandas de una comunidad cada vez m\u00e1s exigente.[\/vc_column_text][vc_btn title=&#8221;Ver Brochure&#8221; style=&#8221;custom&#8221; custom_background=&#8221;#bb1d1a&#8221; custom_text=&#8221;#ffffff&#8221; shape=&#8221;square&#8221; link=&#8221;url:https%3A%2F%2Fena.cl%2F%3Fpage_id%3D56507&#8243; el_class=&#8221;boton_ena&#8221;][\/vc_column][\/vc_row][vc_row full_width=&#8221;stretch_row&#8221; css=&#8221;.vc_custom_1773754295157{padding-top: 50px !important;padding-right: 50px !important;padding-left: 50px !important;background-color: #f4f4f4 !important;}&#8221;][vc_column]<div id=\"ultimate-heading-63369f4cad94b922\" class=\"uvc-heading ult-adjust-bottom-margin ultimate-heading-63369f4cad94b922 uvc-7284 \" data-hspacer=\"no_spacer\"  data-halign=\"left\" style=\"text-align:left\"><div class=\"uvc-heading-spacer no_spacer\" style=\"top\"><\/div><div class=\"uvc-main-heading ult-responsive\"  data-ultimate-target='.uvc-heading.ultimate-heading-63369f4cad94b922 h2'  data-responsive-json-new='{\"font-size\":\"desktop:35px;\",\"line-height\":\"\"}' ><h2 style=\"--font-weight:theme;\">Cursos Destacados<\/h2><\/div><div class=\"uvc-sub-heading ult-responsive\"  data-ultimate-target='.uvc-heading.ultimate-heading-63369f4cad94b922 .uvc-sub-heading '  data-responsive-json-new='{\"font-size\":\"\",\"line-height\":\"\"}'  style=\"font-weight:normal;\">Explora cursos dise\u00f1ados para mejorar la gesti\u00f3n p\u00fablica y fortalecer el desempe\u00f1o profesional en distintas \u00e1reas clave.<\/div><\/div>[vc_basic_grid post_type=&#8221;product&#8221; max_items=&#8221;12&#8243; style=&#8221;load-more&#8221; items_per_page=&#8221;12&#8243; show_filter=&#8221;yes&#8221; element_width=&#8221;3&#8243; filter_color=&#8221;white&#8221; item=&#8221;56112&#8243; grid_id=&#8221;vc_gid:1773757571927-e98700bb-0f39-6&#8243; taxonomies=&#8221;36&#8243; filter_source=&#8221;category&#8221; css=&#8221;.vc_custom_1773757521360{margin-top: 50px !important;}&#8221;][\/vc_column][\/vc_row]<\/p>\n<\/div>","protected":false},"excerpt":{"rendered":"<p>[vc_row css_animation=&#8221;bottom-to-top&#8221; el_class=&#8221;mpc-small-bm&#8221; margin_bottom=&#8221;4em&#8221; css=&#8221;.vc_custom_1773757581185{margin-top: 50px !important;margin-bottom: 4em !important;padding-right: 150px !important;padding-left: 150px !important;}&#8221;][vc_column width=&#8221;1\/3&#8243;][vc_single_image image=&#8221;56446&#8243; img_size=&#8221;full&#8221; onclick=&#8221;custom_link&#8221; img_link_target=&#8221;_blank&#8221; link=&#8221;https:\/\/ena.cl\/?page_id=56507&#8243;][\/vc_column][vc_column width=&#8221;2\/3&#8243;][vc_column_text]El Programa de Educaci\u00f3n Continua en Derecho P\u00fablico es el m\u00e1s antiguo de la Escuela Nacional de Administraci\u00f3n P\u00fablica &#8211; ENA, con m\u00e1s de veintid\u00f3s a\u00f1os de trayectoria, ofrece actividades propias del derecho administrativo y regulatorio,&hellip;<\/p>\n","protected":false},"author":1,"featured_media":0,"comment_status":"closed","ping_status":"closed","sticky":false,"template":"","format":"standard","meta":{"footnotes":""},"categories":[452],"tags":[],"class_list":["post-55758","post","type-post","status-publish","format-standard","hentry","category-programas-educacion-continua","category-452","description-off"],"_links":{"self":[{"href":"https:\/\/ena.cl\/index.php?rest_route=\/wp\/v2\/posts\/55758","targetHints":{"allow":["GET"]}}],"collection":[{"href":"https:\/\/ena.cl\/index.php?rest_route=\/wp\/v2\/posts"}],"about":[{"href":"https:\/\/ena.cl\/index.php?rest_route=\/wp\/v2\/types\/post"}],"author":[{"embeddable":true,"href":"https:\/\/ena.cl\/index.php?rest_route=\/wp\/v2\/users\/1"}],"replies":[{"embeddable":true,"href":"https:\/\/ena.cl\/index.php?rest_route=%2Fwp%2Fv2%2Fcomments&post=55758"}],"version-history":[{"count":17,"href":"https:\/\/ena.cl\/index.php?rest_route=\/wp\/v2\/posts\/55758\/revisions"}],"predecessor-version":[{"id":56510,"href":"https:\/\/ena.cl\/index.php?rest_route=\/wp\/v2\/posts\/55758\/revisions\/56510"}],"wp:attachment":[{"href":"https:\/\/ena.cl\/index.php?rest_route=%2Fwp%2Fv2%2Fmedia&parent=55758"}],"wp:term":[{"taxonomy":"category","embeddable":true,"href":"https:\/\/ena.cl\/index.php?rest_route=%2Fwp%2Fv2%2Fcategories&post=55758"},{"taxonomy":"post_tag","embeddable":true,"href":"https:\/\/ena.cl\/index.php?rest_route=%2Fwp%2Fv2%2Ftags&post=55758"}],"curies":[{"name":"wp","href":"https:\/\/api.w.org\/{rel}","templated":true}]}}