{"id":55752,"date":"2024-08-11T13:09:44","date_gmt":"2024-08-11T17:09:44","guid":{"rendered":"https:\/\/ena.cl\/?p=55752"},"modified":"2026-03-18T11:39:03","modified_gmt":"2026-03-18T14:39:03","slug":"administracion-y-finanzas-publicas","status":"publish","type":"post","link":"https:\/\/ena.cl\/?p=55752","title":{"rendered":"Programas en Administraci\u00f3n P\u00fablica y Municipal"},"content":{"rendered":"<div class=\"wpb-content-wrapper\"><p>[vc_row css_animation=&#8221;bottom-to-top&#8221; el_class=&#8221;mpc-small-bm&#8221; margin_bottom=&#8221;4em&#8221; css=&#8221;.vc_custom_1773755308642{margin-top: 50px !important;margin-bottom: 4em !important;padding-right: 90px !important;padding-left: 100px !important;}&#8221;][vc_column width=&#8221;1\/3&#8243;][vc_single_image image=&#8221;56433&#8243; img_size=&#8221;full&#8221; onclick=&#8221;custom_link&#8221; img_link_target=&#8221;_blank&#8221; link=&#8221;https:\/\/ena.cl\/?page_id=56459&#8243;][\/vc_column][vc_column width=&#8221;2\/3&#8243;][vc_column_text]El<strong> Programa de Educaci\u00f3n Continua en Administraci\u00f3n P\u00fablica<\/strong> ofrece una amplia variedad de cursos y actividades dise\u00f1ados para capacitar a quienes desempe\u00f1an la funci\u00f3n p\u00fablica y mejorar su capacidad para desempe\u00f1ar su trabajo de manera m\u00e1s eficiente y satisfactoria para la comunidad.<\/p>\n<p>Estos cursos cubren una amplia gama de temas, desde la administraci\u00f3n de proyectos y la gesti\u00f3n presupuestaria hasta la atenci\u00f3n al p\u00fablico y la resoluci\u00f3n de conflictos. Adem\u00e1s, se incluyen habilidades de liderazgo, comunicaci\u00f3n efectiva, gesti\u00f3n de personas y estrategias para abordar problemas espec\u00edficos, como la igualdad de g\u00e9nero y la prevenci\u00f3n de la violencia de g\u00e9nero. Con estas herramientas, los funcionarios p\u00fablicos estar\u00e1n mejor preparados para desempe\u00f1ar su trabajo de manera efectiva y garantizar que los servicios que prestan sean inclusivos y equitativos para todas las personas de la comunidad.[\/vc_column_text][vc_btn title=&#8221;Ver brochure del programa&#8221; style=&#8221;custom&#8221; custom_background=&#8221;#bb1d1a&#8221; custom_text=&#8221;#ffffff&#8221; shape=&#8221;square&#8221; link=&#8221;url:https%3A%2F%2Fena.cl%2F%3Fpage_id%3D56459&#8243; el_class=&#8221;boton_ena&#8221;][\/vc_column][\/vc_row][vc_row full_width=&#8221;stretch_row&#8221; css=&#8221;.vc_custom_1773754295157{padding-top: 50px !important;padding-right: 50px !important;padding-left: 50px !important;background-color: #f4f4f4 !important;}&#8221;][vc_column]<div id=\"ultimate-heading-824869f59ca67d6d3\" class=\"uvc-heading ult-adjust-bottom-margin ultimate-heading-824869f59ca67d6d3 uvc-9494 \" data-hspacer=\"no_spacer\"  data-halign=\"left\" style=\"text-align:left\"><div class=\"uvc-heading-spacer no_spacer\" style=\"top\"><\/div><div class=\"uvc-main-heading ult-responsive\"  data-ultimate-target='.uvc-heading.ultimate-heading-824869f59ca67d6d3 h2'  data-responsive-json-new='{\"font-size\":\"desktop:35px;\",\"line-height\":\"\"}' ><h2 style=\"--font-weight:theme;\">Cursos Destacados<\/h2><\/div><div class=\"uvc-sub-heading ult-responsive\"  data-ultimate-target='.uvc-heading.ultimate-heading-824869f59ca67d6d3 .uvc-sub-heading '  data-responsive-json-new='{\"font-size\":\"\",\"line-height\":\"\"}'  style=\"font-weight:normal;\">Explora cursos dise\u00f1ados para mejorar la gesti\u00f3n p\u00fablica y fortalecer el desempe\u00f1o profesional en distintas \u00e1reas clave.<\/div><\/div>[vc_basic_grid post_type=&#8221;product&#8221; max_items=&#8221;12&#8243; style=&#8221;load-more&#8221; items_per_page=&#8221;12&#8243; show_filter=&#8221;yes&#8221; element_width=&#8221;3&#8243; filter_color=&#8221;white&#8221; item=&#8221;56112&#8243; grid_id=&#8221;vc_gid:1773844678450-503dce36-f87d-0&#8243; taxonomies=&#8221;37&#8243; filter_source=&#8221;category&#8221; css=&#8221;.vc_custom_1773754201386{margin-top: 50px !important;}&#8221;][\/vc_column][\/vc_row]<\/p>\n<\/div>","protected":false},"excerpt":{"rendered":"<p>[vc_row css_animation=&#8221;bottom-to-top&#8221; el_class=&#8221;mpc-small-bm&#8221; margin_bottom=&#8221;4em&#8221; css=&#8221;.vc_custom_1773755308642{margin-top: 50px !important;margin-bottom: 4em !important;padding-right: 90px !important;padding-left: 100px !important;}&#8221;][vc_column width=&#8221;1\/3&#8243;][vc_single_image image=&#8221;56433&#8243; img_size=&#8221;full&#8221; onclick=&#8221;custom_link&#8221; img_link_target=&#8221;_blank&#8221; link=&#8221;https:\/\/ena.cl\/?page_id=56459&#8243;][\/vc_column][vc_column width=&#8221;2\/3&#8243;][vc_column_text]El Programa de Educaci\u00f3n Continua en Administraci\u00f3n P\u00fablica ofrece una amplia variedad de cursos y actividades dise\u00f1ados para capacitar a quienes desempe\u00f1an la funci\u00f3n p\u00fablica y mejorar su capacidad para desempe\u00f1ar su trabajo de manera m\u00e1s&hellip;<\/p>\n","protected":false},"author":1,"featured_media":56135,"comment_status":"closed","ping_status":"closed","sticky":false,"template":"","format":"standard","meta":{"footnotes":""},"categories":[452],"tags":[],"class_list":["post-55752","post","type-post","status-publish","format-standard","has-post-thumbnail","hentry","category-programas-educacion-continua","category-452","description-off"],"_links":{"self":[{"href":"https:\/\/ena.cl\/index.php?rest_route=\/wp\/v2\/posts\/55752","targetHints":{"allow":["GET"]}}],"collection":[{"href":"https:\/\/ena.cl\/index.php?rest_route=\/wp\/v2\/posts"}],"about":[{"href":"https:\/\/ena.cl\/index.php?rest_route=\/wp\/v2\/types\/post"}],"author":[{"embeddable":true,"href":"https:\/\/ena.cl\/index.php?rest_route=\/wp\/v2\/users\/1"}],"replies":[{"embeddable":true,"href":"https:\/\/ena.cl\/index.php?rest_route=%2Fwp%2Fv2%2Fcomments&post=55752"}],"version-history":[{"count":26,"href":"https:\/\/ena.cl\/index.php?rest_route=\/wp\/v2\/posts\/55752\/revisions"}],"predecessor-version":[{"id":56547,"href":"https:\/\/ena.cl\/index.php?rest_route=\/wp\/v2\/posts\/55752\/revisions\/56547"}],"wp:featuredmedia":[{"embeddable":true,"href":"https:\/\/ena.cl\/index.php?rest_route=\/wp\/v2\/media\/56135"}],"wp:attachment":[{"href":"https:\/\/ena.cl\/index.php?rest_route=%2Fwp%2Fv2%2Fmedia&parent=55752"}],"wp:term":[{"taxonomy":"category","embeddable":true,"href":"https:\/\/ena.cl\/index.php?rest_route=%2Fwp%2Fv2%2Fcategories&post=55752"},{"taxonomy":"post_tag","embeddable":true,"href":"https:\/\/ena.cl\/index.php?rest_route=%2Fwp%2Fv2%2Ftags&post=55752"}],"curies":[{"name":"wp","href":"https:\/\/api.w.org\/{rel}","templated":true}]}}