{"id":514,"date":"2014-08-01T09:00:51","date_gmt":"2014-08-01T09:00:51","guid":{"rendered":"https:\/\/ena.cl\/?p=514"},"modified":"2014-09-17T09:20:47","modified_gmt":"2014-09-17T09:20:47","slug":"jornada-sobre-el-estatuto-administrativo-y-su-jurisprudencia-en-el-sag-de-isla-de-pascua","status":"publish","type":"post","link":"https:\/\/ena.cl\/?p=514","title":{"rendered":"Jornada sobre el Estatuto Administrativo y su Jurisprudencia en el SAG de Isla de Pascua"},"content":{"rendered":"<p><a href=\"https:\/\/ena.cl\/wp-content\/uploads\/2014\/09\/Foto_SAG_IP_2014.png\"><img loading=\"lazy\" decoding=\"async\" class=\"alignleft wp-image-515 size-medium\" src=\"https:\/\/ena.cl\/wp-content\/uploads\/2014\/09\/Foto_SAG_IP_2014-300x187.png\" alt=\"Foto_SAG_IP_2014\" width=\"300\" height=\"187\" srcset=\"https:\/\/ena.cl\/wp-content\/uploads\/2014\/09\/Foto_SAG_IP_2014-300x187.png 300w, https:\/\/ena.cl\/wp-content\/uploads\/2014\/09\/Foto_SAG_IP_2014-600x375.png 600w, https:\/\/ena.cl\/wp-content\/uploads\/2014\/09\/Foto_SAG_IP_2014-1024x640.png 1024w, https:\/\/ena.cl\/wp-content\/uploads\/2014\/09\/Foto_SAG_IP_2014.png 1280w\" sizes=\"auto, (max-width: 300px) 100vw, 300px\" \/><\/a>En dependencias del Servicio Agr\u00edcola y Ganadero \u2013 SAG, ubicadas en Atamu Tekena, en las inmediaciones del Aeropuerto Internacional Mataveri, el m\u00e1s remoto del mundo, en la ciudad de Hanga Roa, capital de la Isla de Pascua, se desarroll\u00f3 en el marco de la Escuela de Invierno 2014, entre los d\u00edas lunes 28 y mi\u00e9rcoles 30 de julio, la primera jornada de estudio sobre la Funci\u00f3n P\u00fablica Civil en Chile Insular.<\/p>\n<p>El objetivo del encuentro fue actualizar los conocimientos, de un total de 12 funcionarias y funcionarios, en el Estatuto Administrativo, su jurisprudencia administrativa y judicial, sus normas complementarias y las disposiciones particulares, que en matera de personal, incorpora la Ley Org\u00e1nica del Servicio Agr\u00edcola y Ganadero \u2013 SAG N\u00ba 18.755.<\/p>\n<p>Es importante destacar, que esta oficina del SAG, desarrolla sus actividades con una diferencia de menos 2 horas, y a una distancia de 3.766 kil\u00f3metros de Santiago de Chile, lo que implica un gran esfuerzo de coordinaci\u00f3n en las tareas habituales con sus pares del continente.<\/p>\n<p>La actividad, que tambi\u00e9n abord\u00f3, el estudio de la evaluaci\u00f3n del desempe\u00f1o, contenido en el Reglamento Especial de Calificaciones SAG, Decreto 43 de 2013, consider\u00f3, por una parte, el an\u00e1lisis de la normativa que en materia de personal como Servicio se le aplica, adem\u00e1s de la jurisprudencia administrativa que le rige, por ejemplo, en materia de las denominadas \u201choras habilitadas\u201d o la particular situaci\u00f3n de sus \u201ccontratados a honorarios en calidad de agentes p\u00fablicos\u201d y el pago de \u201cvi\u00e1ticos\u201d a su personal que en calidad de inspectores ejercen funciones fiscalizadoras, esto \u00faltimo en virtud del Reglamento de Vi\u00e1ticos, Decreto 262 de 1977 del Ministerio de Hacienda.<\/p>\n<p>En la ocasi\u00f3n, finalmente, se revisaron en detalle las obligaciones funcionarias, sus derechos: siendo de gran relevancia el abordaje de la protecci\u00f3n de la maternidad, en especial respecto del derecho a la alimentaci\u00f3n, sala cuna y la obligaci\u00f3n de realizar comisiones de servicio y\/o cometidos funcionarios fuera de la Isla, as\u00ed como tambi\u00e9n las incompatibilidades funcionarias, el Sistema de Alta Direcci\u00f3n P\u00fablica en el marco del nuevo trato laboral y los procedimientos, tanto de promoci\u00f3n en la carrera funcionaria de los titulares, accidentes del trabajo y enfermedades profesionales, como el proceso administrativo disciplinario de investigaci\u00f3n sumaria y sumario administrativo.<\/p>\n","protected":false},"excerpt":{"rendered":"<p>En dependencias del Servicio Agr\u00edcola y Ganadero \u2013 SAG, ubicadas en Atamu Tekena, en las inmediaciones del Aeropuerto Internacional Mataveri, el m\u00e1s remoto del mundo, en la ciudad de Hanga Roa, capital de la Isla de Pascua, se desarroll\u00f3 en el marco de la Escuela de Invierno 2014, entre los d\u00edas lunes 28 y mi\u00e9rcoles&hellip;<\/p>\n","protected":false},"author":3,"featured_media":515,"comment_status":"closed","ping_status":"closed","sticky":false,"template":"","format":"standard","meta":{"footnotes":""},"categories":[11,2],"tags":[],"class_list":["post-514","post","type-post","status-publish","format-standard","has-post-thumbnail","hentry","category-extension","category-noticias","category-11","category-2","description-off"],"_links":{"self":[{"href":"https:\/\/ena.cl\/index.php?rest_route=\/wp\/v2\/posts\/514","targetHints":{"allow":["GET"]}}],"collection":[{"href":"https:\/\/ena.cl\/index.php?rest_route=\/wp\/v2\/posts"}],"about":[{"href":"https:\/\/ena.cl\/index.php?rest_route=\/wp\/v2\/types\/post"}],"author":[{"embeddable":true,"href":"https:\/\/ena.cl\/index.php?rest_route=\/wp\/v2\/users\/3"}],"replies":[{"embeddable":true,"href":"https:\/\/ena.cl\/index.php?rest_route=%2Fwp%2Fv2%2Fcomments&post=514"}],"version-history":[{"count":3,"href":"https:\/\/ena.cl\/index.php?rest_route=\/wp\/v2\/posts\/514\/revisions"}],"predecessor-version":[{"id":519,"href":"https:\/\/ena.cl\/index.php?rest_route=\/wp\/v2\/posts\/514\/revisions\/519"}],"wp:featuredmedia":[{"embeddable":true,"href":"https:\/\/ena.cl\/index.php?rest_route=\/wp\/v2\/media\/515"}],"wp:attachment":[{"href":"https:\/\/ena.cl\/index.php?rest_route=%2Fwp%2Fv2%2Fmedia&parent=514"}],"wp:term":[{"taxonomy":"category","embeddable":true,"href":"https:\/\/ena.cl\/index.php?rest_route=%2Fwp%2Fv2%2Fcategories&post=514"},{"taxonomy":"post_tag","embeddable":true,"href":"https:\/\/ena.cl\/index.php?rest_route=%2Fwp%2Fv2%2Ftags&post=514"}],"curies":[{"name":"wp","href":"https:\/\/api.w.org\/{rel}","templated":true}]}}