{"id":4862,"date":"2023-11-09T15:22:54","date_gmt":"2023-11-09T18:22:54","guid":{"rendered":"https:\/\/ena.cl\/?p=4862"},"modified":"2023-11-09T15:22:54","modified_gmt":"2023-11-09T18:22:54","slug":"ambientes-laborales-y-motivacion-en-el-trabajo-dirigido-a-directivos","status":"publish","type":"post","link":"https:\/\/ena.cl\/?p=4862","title":{"rendered":"Ambientes Laborales y Motivaci\u00f3n en el Trabajo dirigido a directivos"},"content":{"rendered":"<p><span dir=\"ltr\" role=\"presentation\"><img loading=\"lazy\" decoding=\"async\" class=\"alignleft size-full wp-image-4863\" src=\"https:\/\/ena.cl\/wp-content\/uploads\/2023\/11\/Ambientes-Laborales.png\" alt=\"\" width=\"350\" height=\"263\" srcset=\"https:\/\/ena.cl\/wp-content\/uploads\/2023\/11\/Ambientes-Laborales.png 350w, https:\/\/ena.cl\/wp-content\/uploads\/2023\/11\/Ambientes-Laborales-300x225.png 300w\" sizes=\"auto, (max-width: 350px) 100vw, 350px\" \/>Durante el mes de octubre se realiz\u00f3 el curso de Ambientes Laborales y Motivaci\u00f3n en el Trabajo dirigido a directivos\u00a0 para la <strong>Agencia Chilena de Cooperaci\u00f3n Internacional para el <\/strong><strong>Desarrollo (AGCID)<\/strong> <\/span>.\u00a0 El objetivo de este curso fue <span dir=\"ltr\" role=\"presentation\">entregar herramientas a las y los participantes, que<br \/>\ncontribuyan a mejorar las habilidades de comunicaci\u00f3n y trabajo en equipo,<br \/>\nfortaleciendo la cohesi\u00f3n grupal y el trabajo colaborativo en los miembros de la instituci\u00f3n.<\/span><\/p>\n<p>La actividad cont\u00f3 con 4 unidades de estudio desarrolladas desde el lunes 2 al martes 17 de octubre del 2023, mediante clases sincr\u00f3nicas de trabajo individual en nuestra aula virtual.<\/p>\n<p>Si necesitas m\u00e1s informaci\u00f3n de este curso, <a href=\"https:\/\/ena.cl\/brochure\/\">revisa nuestra oferta acad\u00e9mica<\/a><\/p>\n<div id=\"simple-translate\" class=\"simple-translate-system-theme\">\n<div>\n<div class=\"simple-translate-button isShow\" style=\"height: 22px; width: 22px;\"><\/div>\n<div class=\"simple-translate-panel \" style=\"width: 300px; height: 200px; font-size: 13px;\">\n<div class=\"simple-translate-result-wrapper\" style=\"overflow: hidden;\">\n<div class=\"simple-translate-move\"><\/div>\n<div class=\"simple-translate-result-contents\">\n<p class=\"simple-translate-candidate\" dir=\"auto\">\n<\/div>\n<\/div>\n<\/div>\n<\/div>\n<\/div>\n","protected":false},"excerpt":{"rendered":"<p>En este curso, realizado para la Agencia Chilena de Cooperaci\u00f3n Internacional para el Desarrollo (AGCID), los alumnos conocieron  herramientas que les permitir\u00e1 mejorar las habilidades de comunicaci\u00f3n y trabajo en equipo, fortaleciendo la cohesi\u00f3n grupal y el trabajo colaborativo en los miembros de la instituci\u00f3n.<\/p>\n","protected":false},"author":1,"featured_media":4863,"comment_status":"closed","ping_status":"closed","sticky":false,"template":"","format":"standard","meta":{"footnotes":""},"categories":[2,15],"tags":[],"class_list":["post-4862","post","type-post","status-publish","format-standard","has-post-thumbnail","hentry","category-noticias","category-ultimos-cursos","category-2","category-15","description-off"],"_links":{"self":[{"href":"https:\/\/ena.cl\/index.php?rest_route=\/wp\/v2\/posts\/4862","targetHints":{"allow":["GET"]}}],"collection":[{"href":"https:\/\/ena.cl\/index.php?rest_route=\/wp\/v2\/posts"}],"about":[{"href":"https:\/\/ena.cl\/index.php?rest_route=\/wp\/v2\/types\/post"}],"author":[{"embeddable":true,"href":"https:\/\/ena.cl\/index.php?rest_route=\/wp\/v2\/users\/1"}],"replies":[{"embeddable":true,"href":"https:\/\/ena.cl\/index.php?rest_route=%2Fwp%2Fv2%2Fcomments&post=4862"}],"version-history":[{"count":1,"href":"https:\/\/ena.cl\/index.php?rest_route=\/wp\/v2\/posts\/4862\/revisions"}],"predecessor-version":[{"id":4864,"href":"https:\/\/ena.cl\/index.php?rest_route=\/wp\/v2\/posts\/4862\/revisions\/4864"}],"wp:featuredmedia":[{"embeddable":true,"href":"https:\/\/ena.cl\/index.php?rest_route=\/wp\/v2\/media\/4863"}],"wp:attachment":[{"href":"https:\/\/ena.cl\/index.php?rest_route=%2Fwp%2Fv2%2Fmedia&parent=4862"}],"wp:term":[{"taxonomy":"category","embeddable":true,"href":"https:\/\/ena.cl\/index.php?rest_route=%2Fwp%2Fv2%2Fcategories&post=4862"},{"taxonomy":"post_tag","embeddable":true,"href":"https:\/\/ena.cl\/index.php?rest_route=%2Fwp%2Fv2%2Ftags&post=4862"}],"curies":[{"name":"wp","href":"https:\/\/api.w.org\/{rel}","templated":true}]}}