{"id":484,"date":"2014-06-22T12:30:58","date_gmt":"2014-06-22T12:30:58","guid":{"rendered":"https:\/\/ena.cl\/?p=484"},"modified":"2015-04-24T14:47:01","modified_gmt":"2015-04-24T14:47:01","slug":"jornada-hospitalaria-sobre-jurisprudencia-y-doctrina-de-la-ley-medica","status":"publish","type":"post","link":"https:\/\/ena.cl\/?p=484","title":{"rendered":"Jornada Hospitalaria sobre Jurisprudencia y Doctrina de la Ley M\u00e9dica"},"content":{"rendered":"<div class=\"wpb-content-wrapper\"><p style=\"text-align: justify;\"><a href=\"https:\/\/ena.cl\/wp-content\/uploads\/2014\/06\/jurisprudencia.jpg\"><img loading=\"lazy\" decoding=\"async\" class=\"alignleft wp-image-499 size-medium\" src=\"https:\/\/ena.cl\/wp-content\/uploads\/2014\/06\/jurisprudencia-300x225.jpg\" alt=\"\" width=\"300\" height=\"225\" srcset=\"https:\/\/ena.cl\/wp-content\/uploads\/2014\/06\/jurisprudencia-300x225.jpg 300w, https:\/\/ena.cl\/wp-content\/uploads\/2014\/06\/jurisprudencia-400x300.jpg 400w, https:\/\/ena.cl\/wp-content\/uploads\/2014\/06\/jurisprudencia.jpg 600w\" sizes=\"auto, (max-width: 300px) 100vw, 300px\" \/><\/a><\/p>\n<p style=\"text-align: justify;\">En el Auditorio Dr. Pablo Cerda del Hospital Ernesto Torres Galdames, de la ciudad de Iquique, Regi\u00f3n de Tarapac\u00e1, los d\u00edas 14 y 15 de mayo de 2014, se desarroll\u00f3 para un grupo de 25 funcionarios, provenientes del Departamento de Recursos Humanos del Establecimiento Autogestionado, dependiente del Servicio de Salud Iquique, la jornada hospitalaria sobre jurisprudencia y doctrina del Estatuto de los Profesionales Funcionarios, ciudadanamente conocida como la \u201cLey M\u00e9dica\u201d: Ley 15.076 de 1963, modificada para el caso de los Servicios de Salud y sus Establecimientos, por la Ley 19.664 y complementada por el Estatuto Administrativo general Ley 18.834, la Ley 20.261 m\u00e9dica complementaria y la reciente Ley 20.707 sobre incentivos remuneracionales y otros, estableciendo como estrategia educativa un paralelo entre el Estatuto Administrativo general, la Ley 15.076 o Estatuto de los Profesionales Funcionarios y la Ley 19.664 que introduce modificaciones importantes a la relaci\u00f3n laboral pero siempre que se d\u00e9 en los Servicios de Salud y sus Establecimientos dependientes.<\/p>\n<p style=\"text-align: justify;\">En la ocasi\u00f3n se abordaron los distintos aspectos que caracterizan a este norma estatutaria singular, como el mecanismo de ingreso a los cargos en el Ciclo\u00a0Formaci\u00f3n y Destinaci\u00f3n, y de Planta Nivel Superior, los Programas de Perfeccionamiento y Especializaci\u00f3n, por Beca o Comisi\u00f3n de Estudios, adem\u00e1s del Plan Anual de Capacitaci\u00f3n, sus permisos, y comisiones de estudio al extranjero, las calificaciones de los profesionales funcionarios, en el marco del Decreto 110 de 1963 del MINSAL, as\u00ed como tambi\u00e9n los procedimientos de acreditaci\u00f3n y de acreditaci\u00f3n de excelencia, la promoci\u00f3n y sus remuneraciones transitorias y permanentes.<\/p>\n<p style=\"text-align: justify;\">La actividad tambi\u00e9n consider\u00f3 en su estudio, la jornada de trabajo, las reglas aplicables para el caso de las horas extraordinarias, los criterios jurisprudenciales administrativos para la reducci\u00f3n de sus 22, 33 \u00f3 44 horas, los turnos de llamada, los turnos de 28 horas de urgencia y su consecuente liberaci\u00f3n de guardias al cabo de veinte a\u00f1os, adem\u00e1s de las destinaciones y comisiones de servicios.<\/p>\n<p style=\"text-align: justify;\">Asimismo, y de manera supletoria, se abordaron los elementos comunes de todos los funcionarios p\u00fablicos afectos al Estatuto de los Profesionales Funcionarios (M\u00e9dicos, Dentistas, Qu\u00edmicos Farmac\u00e9uticos y Bioqu\u00edmicos) y el Estatuto Administrativo General (Directivos, Profesionales, T\u00e9cnicos, Administrativos y Auxiliares), en materias tales como las obligaciones, prohibiciones e incompatibilidades, derechos funcionarios, salvo los ya especialmente mencionados, la responsabilidad administrativa y\/o disciplinaria: Investigaci\u00f3n Sumaria y Sumario Administrativo y la Reclamaci\u00f3n por Vicio de Legalidad a la Contralor\u00eda General de la Rep\u00fablica.<\/p>\n<p style=\"text-align: justify;\">Finalmente y a modo de que las exposiciones docentes, resguardando la calidad t\u00e9cnica de la actividad, se propusieran en los t\u00e9rminos m\u00e1s sencillos posibles, es que se revis\u00f3, caso a caso, la principal Jurisprudencia Administrativa, emanada del ente fiscalizador por excelencia: la Contralor\u00eda General de la Rep\u00fablica.<\/p>\n<p style=\"text-align: justify;\"><span style=\"color: #000000;\">[vc_row][vc_column width=&#8221;1\/1&#8243;][mpc_vc_share_list title=&#8221;Compartir&#8221; facebook=&#8221;1&#8243; twitter=&#8221;1&#8243; google_plus=&#8221;1&#8243;][\/vc_column][\/vc_row]<\/span><\/p>\n<\/div>","protected":false},"excerpt":{"rendered":"<p>En el Auditorio Dr. Pablo Cerda del Hospital Ernesto Torres Galdames, de la ciudad de Iquique, Regi\u00f3n de Tarapac\u00e1, los d\u00edas 14 y 15 de mayo de 2014, se desarroll\u00f3 para un grupo de 25 funcionarios, provenientes del Departamento de Recursos Humanos del Establecimiento Autogestionado, dependiente del Servicio de Salud Iquique, la jornada hospitalaria sobre&hellip;<\/p>\n","protected":false},"author":2,"featured_media":499,"comment_status":"closed","ping_status":"closed","sticky":false,"template":"","format":"standard","meta":{"footnotes":""},"categories":[2,15],"tags":[],"class_list":["post-484","post","type-post","status-publish","format-standard","has-post-thumbnail","hentry","category-noticias","category-ultimos-cursos","category-2","category-15","description-off"],"_links":{"self":[{"href":"https:\/\/ena.cl\/index.php?rest_route=\/wp\/v2\/posts\/484","targetHints":{"allow":["GET"]}}],"collection":[{"href":"https:\/\/ena.cl\/index.php?rest_route=\/wp\/v2\/posts"}],"about":[{"href":"https:\/\/ena.cl\/index.php?rest_route=\/wp\/v2\/types\/post"}],"author":[{"embeddable":true,"href":"https:\/\/ena.cl\/index.php?rest_route=\/wp\/v2\/users\/2"}],"replies":[{"embeddable":true,"href":"https:\/\/ena.cl\/index.php?rest_route=%2Fwp%2Fv2%2Fcomments&post=484"}],"version-history":[{"count":7,"href":"https:\/\/ena.cl\/index.php?rest_route=\/wp\/v2\/posts\/484\/revisions"}],"predecessor-version":[{"id":500,"href":"https:\/\/ena.cl\/index.php?rest_route=\/wp\/v2\/posts\/484\/revisions\/500"}],"wp:featuredmedia":[{"embeddable":true,"href":"https:\/\/ena.cl\/index.php?rest_route=\/wp\/v2\/media\/499"}],"wp:attachment":[{"href":"https:\/\/ena.cl\/index.php?rest_route=%2Fwp%2Fv2%2Fmedia&parent=484"}],"wp:term":[{"taxonomy":"category","embeddable":true,"href":"https:\/\/ena.cl\/index.php?rest_route=%2Fwp%2Fv2%2Fcategories&post=484"},{"taxonomy":"post_tag","embeddable":true,"href":"https:\/\/ena.cl\/index.php?rest_route=%2Fwp%2Fv2%2Ftags&post=484"}],"curies":[{"name":"wp","href":"https:\/\/api.w.org\/{rel}","templated":true}]}}