{"id":4820,"date":"2023-09-21T01:37:20","date_gmt":"2023-09-21T04:37:20","guid":{"rendered":"https:\/\/ena.cl\/?p=4820"},"modified":"2023-09-21T01:37:44","modified_gmt":"2023-09-21T04:37:44","slug":"curso-sistema-de-calificaciones-para-el-sector-publico","status":"publish","type":"post","link":"https:\/\/ena.cl\/?p=4820","title":{"rendered":"Curso Sistema de Calificaciones para el Sector P\u00fablico"},"content":{"rendered":"<p><span dir=\"ltr\" role=\"presentation\"><img loading=\"lazy\" decoding=\"async\" class=\"alignleft size-full wp-image-4821\" src=\"https:\/\/ena.cl\/wp-content\/uploads\/2023\/09\/calificaciones.png\" alt=\"\" width=\"350\" height=\"263\" srcset=\"https:\/\/ena.cl\/wp-content\/uploads\/2023\/09\/calificaciones.png 350w, https:\/\/ena.cl\/wp-content\/uploads\/2023\/09\/calificaciones-300x225.png 300w\" sizes=\"auto, (max-width: 350px) 100vw, 350px\" \/>En este curso<\/span><span dir=\"ltr\" role=\"presentation\">,<\/span> <span dir=\"ltr\" role=\"presentation\">los<\/span> <span dir=\"ltr\" role=\"presentation\">alumnos del Hospital de Ca\u00f1ete, analizaron los aspectos te\u00f3ricos y pr\u00e1cticos concernientes al Sistema Calificatorio del personal que se desempe\u00f1a en los Servicios de Salud y sus Establecimientos dependientes. Dicho an\u00e1lisis se realiz\u00f3 a trav\u00e9s del estudio de la doctrina, jurisprudencia y legislaci\u00f3n, en busca que los alumnos obtengan una visi\u00f3n cr\u00edtica de los alcances y principales problemas relacionados con las calificaciones en el sector salud.<br \/>\n<\/span><\/p>\n<p>La actividad se desarroll\u00f3\u00a0 desde el 31\u00a0 de julio\u00a0 hasta 21 de agosto\u00a0 en nuestro aula virtual.<\/p>\n<p>Si necesitas m\u00e1s informaci\u00f3n de este curso, <a href=\"https:\/\/ena.cl\/brochure\/\">revisa nuestra oferta acad\u00e9mica<\/a><\/p>\n<div id=\"simple-translate\" class=\"simple-translate-system-theme\">\n<div>\n<div class=\"simple-translate-button isShow\" style=\"height: 22px; width: 22px;\"><\/div>\n<div class=\"simple-translate-panel \" style=\"width: 300px; height: 200px; font-size: 13px;\">\n<div class=\"simple-translate-result-wrapper\" style=\"overflow: hidden;\">\n<div class=\"simple-translate-move\"><\/div>\n<div class=\"simple-translate-result-contents\">\n<p class=\"simple-translate-candidate\" dir=\"auto\">\n<\/div>\n<\/div>\n<\/div>\n<\/div>\n<\/div>\n","protected":false},"excerpt":{"rendered":"<p>En este curso, los alumnos del Hospital de Ca\u00f1ete, analizaron los aspectos te\u00f3ricos y pr\u00e1cticos concernientes al Sistema Calificatorio del personal que se desempe\u00f1a en los Servicios de Salud y sus Establecimientos dependientes.<\/p>\n","protected":false},"author":1,"featured_media":4821,"comment_status":"closed","ping_status":"closed","sticky":false,"template":"","format":"standard","meta":{"footnotes":""},"categories":[2,15],"tags":[],"class_list":["post-4820","post","type-post","status-publish","format-standard","has-post-thumbnail","hentry","category-noticias","category-ultimos-cursos","category-2","category-15","description-off"],"_links":{"self":[{"href":"https:\/\/ena.cl\/index.php?rest_route=\/wp\/v2\/posts\/4820","targetHints":{"allow":["GET"]}}],"collection":[{"href":"https:\/\/ena.cl\/index.php?rest_route=\/wp\/v2\/posts"}],"about":[{"href":"https:\/\/ena.cl\/index.php?rest_route=\/wp\/v2\/types\/post"}],"author":[{"embeddable":true,"href":"https:\/\/ena.cl\/index.php?rest_route=\/wp\/v2\/users\/1"}],"replies":[{"embeddable":true,"href":"https:\/\/ena.cl\/index.php?rest_route=%2Fwp%2Fv2%2Fcomments&post=4820"}],"version-history":[{"count":1,"href":"https:\/\/ena.cl\/index.php?rest_route=\/wp\/v2\/posts\/4820\/revisions"}],"predecessor-version":[{"id":4822,"href":"https:\/\/ena.cl\/index.php?rest_route=\/wp\/v2\/posts\/4820\/revisions\/4822"}],"wp:featuredmedia":[{"embeddable":true,"href":"https:\/\/ena.cl\/index.php?rest_route=\/wp\/v2\/media\/4821"}],"wp:attachment":[{"href":"https:\/\/ena.cl\/index.php?rest_route=%2Fwp%2Fv2%2Fmedia&parent=4820"}],"wp:term":[{"taxonomy":"category","embeddable":true,"href":"https:\/\/ena.cl\/index.php?rest_route=%2Fwp%2Fv2%2Fcategories&post=4820"},{"taxonomy":"post_tag","embeddable":true,"href":"https:\/\/ena.cl\/index.php?rest_route=%2Fwp%2Fv2%2Ftags&post=4820"}],"curies":[{"name":"wp","href":"https:\/\/api.w.org\/{rel}","templated":true}]}}