{"id":4810,"date":"2023-09-21T01:09:56","date_gmt":"2023-09-21T04:09:56","guid":{"rendered":"https:\/\/ena.cl\/?p=4810"},"modified":"2023-09-21T01:13:30","modified_gmt":"2023-09-21T04:13:30","slug":"curso-de-acoso-y-discriminacion-arbitraria-el-atentado-contra-la-dignidad-funcionaria","status":"publish","type":"post","link":"https:\/\/ena.cl\/?p=4810","title":{"rendered":"Curso Prevenci\u00f3n del  Acoso y Discriminaci\u00f3n arbitraria: El Atentado contra la dignidad Funcionaria"},"content":{"rendered":"<p><span dir=\"ltr\" role=\"presentation\"><img loading=\"lazy\" decoding=\"async\" class=\"alignleft size-full wp-image-4811\" src=\"https:\/\/ena.cl\/wp-content\/uploads\/2023\/09\/acoso-dignidad.png\" alt=\"\" width=\"350\" height=\"263\" srcset=\"https:\/\/ena.cl\/wp-content\/uploads\/2023\/09\/acoso-dignidad.png 350w, https:\/\/ena.cl\/wp-content\/uploads\/2023\/09\/acoso-dignidad-300x225.png 300w\" sizes=\"auto, (max-width: 350px) 100vw, 350px\" \/>En este curso<\/span><span dir=\"ltr\" role=\"presentation\">,<\/span> <span dir=\"ltr\" role=\"presentation\">los<\/span> <span dir=\"ltr\" role=\"presentation\">alumnos del Hospital San Juan de Dios de La Serena, conocieron las principales caracter\u00edsticas del acoso laboral, el maltrato laboral, el acoso sexual, y la discriminaci\u00f3n arbitraria, sus m\u00e9todos de prevenci\u00f3n, as\u00ed como las consecuencias psicol\u00f3gicas, administrativas y judiciales de incurrir en un \u201catentado contra la dignidad funcionaria\u201d<br \/>\n<\/span><\/p>\n<p>La actividad se desarroll\u00f3\u00a0 desde el 7\u00a0 hasta 20 de agosto\u00a0 en nuestro aula virtual.<\/p>\n<p>Si necesitas m\u00e1s informaci\u00f3n de este curso, <a href=\"https:\/\/ena.cl\/brochure\/\">revisa nuestra oferta acad\u00e9mica<\/a><\/p>\n<div id=\"simple-translate\" class=\"simple-translate-system-theme\">\n<div>\n<div class=\"simple-translate-button isShow\" style=\"height: 22px; width: 22px;\"><\/div>\n<div class=\"simple-translate-panel \" style=\"width: 300px; height: 200px; font-size: 13px;\">\n<div class=\"simple-translate-result-wrapper\" style=\"overflow: hidden;\">\n<div class=\"simple-translate-move\"><\/div>\n<div class=\"simple-translate-result-contents\">\n<p class=\"simple-translate-candidate\" dir=\"auto\">\n<\/div>\n<\/div>\n<\/div>\n<\/div>\n<\/div>\n","protected":false},"excerpt":{"rendered":"<p>En este curso, los alumnos del Hospital San Juan de Dios de La Serena, conocieron las principales caracter\u00edsticas del acoso laboral,as\u00ed como las consecuencias psicol\u00f3gicas, administrativas y judiciales de incurrir en un \u201catentado contra la dignidad funcionaria\u201d.<\/p>\n","protected":false},"author":1,"featured_media":4811,"comment_status":"closed","ping_status":"closed","sticky":false,"template":"","format":"standard","meta":{"footnotes":""},"categories":[2,15],"tags":[],"class_list":["post-4810","post","type-post","status-publish","format-standard","has-post-thumbnail","hentry","category-noticias","category-ultimos-cursos","category-2","category-15","description-off"],"_links":{"self":[{"href":"https:\/\/ena.cl\/index.php?rest_route=\/wp\/v2\/posts\/4810","targetHints":{"allow":["GET"]}}],"collection":[{"href":"https:\/\/ena.cl\/index.php?rest_route=\/wp\/v2\/posts"}],"about":[{"href":"https:\/\/ena.cl\/index.php?rest_route=\/wp\/v2\/types\/post"}],"author":[{"embeddable":true,"href":"https:\/\/ena.cl\/index.php?rest_route=\/wp\/v2\/users\/1"}],"replies":[{"embeddable":true,"href":"https:\/\/ena.cl\/index.php?rest_route=%2Fwp%2Fv2%2Fcomments&post=4810"}],"version-history":[{"count":2,"href":"https:\/\/ena.cl\/index.php?rest_route=\/wp\/v2\/posts\/4810\/revisions"}],"predecessor-version":[{"id":4813,"href":"https:\/\/ena.cl\/index.php?rest_route=\/wp\/v2\/posts\/4810\/revisions\/4813"}],"wp:featuredmedia":[{"embeddable":true,"href":"https:\/\/ena.cl\/index.php?rest_route=\/wp\/v2\/media\/4811"}],"wp:attachment":[{"href":"https:\/\/ena.cl\/index.php?rest_route=%2Fwp%2Fv2%2Fmedia&parent=4810"}],"wp:term":[{"taxonomy":"category","embeddable":true,"href":"https:\/\/ena.cl\/index.php?rest_route=%2Fwp%2Fv2%2Fcategories&post=4810"},{"taxonomy":"post_tag","embeddable":true,"href":"https:\/\/ena.cl\/index.php?rest_route=%2Fwp%2Fv2%2Ftags&post=4810"}],"curies":[{"name":"wp","href":"https:\/\/api.w.org\/{rel}","templated":true}]}}