{"id":469,"date":"2014-06-13T00:41:05","date_gmt":"2014-06-13T00:41:05","guid":{"rendered":"https:\/\/ena.cl\/?p=469"},"modified":"2015-04-24T14:48:24","modified_gmt":"2015-04-24T14:48:24","slug":"trabajadores-de-la-mineria-del-norte-grande-actualizan-sus-derechos","status":"publish","type":"post","link":"https:\/\/ena.cl\/?p=469","title":{"rendered":"Trabajadores de la miner\u00eda del norte grande actualizan sus derechos"},"content":{"rendered":"<div class=\"wpb-content-wrapper\"><p><a href=\"https:\/\/ena.cl\/wp-content\/uploads\/2014\/06\/1.jpg\"><img loading=\"lazy\" decoding=\"async\" class=\"alignleft size-medium wp-image-470\" src=\"https:\/\/ena.cl\/wp-content\/uploads\/2014\/06\/1-300x225.jpg\" alt=\"Foto Bailac\" width=\"300\" height=\"225\" srcset=\"https:\/\/ena.cl\/wp-content\/uploads\/2014\/06\/1-300x225.jpg 300w, https:\/\/ena.cl\/wp-content\/uploads\/2014\/06\/1-600x450.jpg 600w, https:\/\/ena.cl\/wp-content\/uploads\/2014\/06\/1-400x300.jpg 400w, https:\/\/ena.cl\/wp-content\/uploads\/2014\/06\/1.jpg 640w\" sizes=\"auto, (max-width: 300px) 100vw, 300px\" \/><\/a>En la Regi\u00f3n de Antofagasta, particularmente en las faenas mineras de Michilla, Gaby, Sierra Gorda, Esperanza, y Mantos Blancos, se desarroll\u00f3, entre los d\u00edas lunes 27 de enero y martes 4 de febrero de 2014, el ciclo de charlas sobre derechos fundamentales de los trabajadores de la transnacional Bailac.<\/p>\n<p>Las actividades, que tuvieron como eje principal el estudio de la \u201cla plena eficacia de los derechos fundamentales inespec\u00edficos del trabajador en el plano de las relaciones laborales, esto es, el derecho a la intimidad y vida privada, al honor, a la libertad de expresi\u00f3n, a no ser discriminado, y a la organizaci\u00f3n sindical, entre otros\u201d, permiti\u00f3 que 81 trabajadores, del sector minero, se actualizaran en \u201clos derechos que detentan no s\u00f3lo en cuanto trabajadores sino que tambi\u00e9n en su condici\u00f3n de persona y ciudadano\u201d todos ellos garantizados tanto en la Constituci\u00f3n Pol\u00edtica de la Rep\u00fablica, los Tratados Internacionales, el C\u00f3digo del Trabajo y la Jurisprudencia tanto de la Direcci\u00f3n del Trabajo y los Tribunales de Justicia.<\/p>\n<p>El ciclo de Charlas, que estuvo a cargo del destacado Docente, Abogado y Magister en Derecho de la Universidad de Chile, don Gast\u00f3n Torrijos Gatica, consider\u00f3 tambi\u00e9n el estudio del procedimiento especial relativo a la tutela de los derechos fundamentales y los efectos que provocan las acciones en la materia<\/p>\n<p><span style=\"color: #000000;\">[vc_row][vc_column width=&#8221;1\/1&#8243;][mpc_vc_share_list title=&#8221;Compartir&#8221; facebook=&#8221;1&#8243; twitter=&#8221;1&#8243; google_plus=&#8221;1&#8243;][\/vc_column][\/vc_row]<\/span><\/p>\n<\/div>","protected":false},"excerpt":{"rendered":"<p>En la Regi\u00f3n de Antofagasta, particularmente en las faenas mineras de Michilla, Gaby, Sierra Gorda, Esperanza, y Mantos Blancos, se desarroll\u00f3, entre los d\u00edas lunes 27 de enero y martes 4 de febrero de 2014, el ciclo de charlas sobre derechos fundamentales de los trabajadores de la transnacional Bailac. Las actividades, que tuvieron como eje&hellip;<\/p>\n","protected":false},"author":2,"featured_media":470,"comment_status":"closed","ping_status":"closed","sticky":false,"template":"","format":"standard","meta":{"footnotes":""},"categories":[2,15],"tags":[],"class_list":["post-469","post","type-post","status-publish","format-standard","has-post-thumbnail","hentry","category-noticias","category-ultimos-cursos","category-2","category-15","description-off"],"_links":{"self":[{"href":"https:\/\/ena.cl\/index.php?rest_route=\/wp\/v2\/posts\/469","targetHints":{"allow":["GET"]}}],"collection":[{"href":"https:\/\/ena.cl\/index.php?rest_route=\/wp\/v2\/posts"}],"about":[{"href":"https:\/\/ena.cl\/index.php?rest_route=\/wp\/v2\/types\/post"}],"author":[{"embeddable":true,"href":"https:\/\/ena.cl\/index.php?rest_route=\/wp\/v2\/users\/2"}],"replies":[{"embeddable":true,"href":"https:\/\/ena.cl\/index.php?rest_route=%2Fwp%2Fv2%2Fcomments&post=469"}],"version-history":[{"count":4,"href":"https:\/\/ena.cl\/index.php?rest_route=\/wp\/v2\/posts\/469\/revisions"}],"predecessor-version":[{"id":477,"href":"https:\/\/ena.cl\/index.php?rest_route=\/wp\/v2\/posts\/469\/revisions\/477"}],"wp:featuredmedia":[{"embeddable":true,"href":"https:\/\/ena.cl\/index.php?rest_route=\/wp\/v2\/media\/470"}],"wp:attachment":[{"href":"https:\/\/ena.cl\/index.php?rest_route=%2Fwp%2Fv2%2Fmedia&parent=469"}],"wp:term":[{"taxonomy":"category","embeddable":true,"href":"https:\/\/ena.cl\/index.php?rest_route=%2Fwp%2Fv2%2Fcategories&post=469"},{"taxonomy":"post_tag","embeddable":true,"href":"https:\/\/ena.cl\/index.php?rest_route=%2Fwp%2Fv2%2Ftags&post=469"}],"curies":[{"name":"wp","href":"https:\/\/api.w.org\/{rel}","templated":true}]}}