{"id":4562,"date":"2023-08-06T00:35:26","date_gmt":"2023-08-06T04:35:26","guid":{"rendered":"https:\/\/ena.cl\/?p=4562"},"modified":"2023-08-11T10:23:58","modified_gmt":"2023-08-11T14:23:58","slug":"salud-familiar-profesionales-salud","status":"publish","type":"post","link":"https:\/\/ena.cl\/?p=4562","title":{"rendered":"Salud Familiar para Profesionales de la Salud: Fundamentos del modelo Salud Familiar"},"content":{"rendered":"<div class=\"wpb-content-wrapper\"><p>[vc_row][vc_column css=&#8221;.vc_custom_1691525662696{padding-top: 270px !important;padding-right: 10px !important;padding-bottom: 0px !important;padding-left: 10px !important;background-image: url(https:\/\/ena.cl\/wp-content\/uploads\/2023\/08\/Diseno-sin-titulo5.png?id=4657) !important;background-position: center !important;background-repeat: no-repeat !important;background-size: cover !important;}&#8221;][vc_row_inner el_class=&#8221;cabecera_curso&#8221;][vc_column_inner width=&#8221;2\/3&#8243; css=&#8221;.vc_custom_1691018078518{padding-top: 10px !important;background-position: center !important;background-repeat: no-repeat !important;background-size: contain !important;}&#8221;][vc_column_text]<\/p>\n<h4 class=\"sub-titulo-curso\">Curso Abierto Septiembre 2023, Salud P\u00fablica<\/h4>\n<h1 class=\"titulo-curso\">Salud Familiar para Profesionales de la Salud: Fundamentos del modelo Salud Familiar.<\/h1>\n<div class=\"bajada-titulo\">Modalidad Online Asincr\u00f3nica &#8211; 36 Horas Pedag\u00f3gicas<\/div>\n<p>[\/vc_column_text][\/vc_column_inner][vc_column_inner el_class=&#8221;botones_curso&#8221; width=&#8221;1\/6&#8243; css=&#8221;.vc_custom_1690756322031{margin-left: 30px !important;}&#8221;][vc_btn title=&#8221;Descarga Folleto&#8221; link=&#8221;url:https%3A%2F%2Fena.cl%2Fwp-content%2Fuploads%2F2023%2F08%2FENA_Folleto-Cursos-abiertos_SEPTIEMBRE_Salud-familiar.pdf|||&#8221;][\/vc_column_inner][vc_column_inner el_class=&#8221;botones_curso&#8221; width=&#8221;1\/6&#8243;][vc_btn title=&#8221;Matric\u00falate aqu\u00ed&#8221; link=&#8221;url:https%3A%2F%2Fena.cl%2F%3Fadd-to-cart%3D4636|||&#8221;][\/vc_column_inner][\/vc_row_inner][\/vc_column][\/vc_row][vc_row css=&#8221;.vc_custom_1690838421496{margin-top: 20px !important;}&#8221;][vc_column width=&#8221;3\/4&#8243; css=&#8221;.vc_custom_1690817279234{margin-top: 40px !important;padding-right: 30px !important;}&#8221;][vc_column_text]<\/p>\n<h3 class=\"titulo_cursos\">DESCRIPCI\u00d3N<\/h3>\n<p><span data-sheets-value=\"{&quot;1&quot;:2,&quot;2&quot;:&quot;Este curso tiene por objetivo entregar herramientas para el trabajo familiar desde una perspectiva integral, proponiendo estrategias de intervenci\u00f3n en los problemas de salud con un enfoque biopsicosocial y hol\u00edstico. As\u00ed mismo, se espera que logren identificar y desarrollar destrezas instrumentales personales y de equipo para el an\u00e1lisis de casos y estudio de Familia.&quot;}\" data-sheets-userformat=\"{&quot;2&quot;:7167,&quot;3&quot;:{&quot;1&quot;:0},&quot;4&quot;:{&quot;1&quot;:2,&quot;2&quot;:16750848},&quot;5&quot;:{&quot;1&quot;:[{&quot;1&quot;:2,&quot;2&quot;:0,&quot;5&quot;:{&quot;1&quot;:2,&quot;2&quot;:0}},{&quot;1&quot;:0,&quot;2&quot;:0,&quot;3&quot;:3},{&quot;1&quot;:1,&quot;2&quot;:0,&quot;4&quot;:1}]},&quot;6&quot;:{&quot;1&quot;:[{&quot;1&quot;:2,&quot;2&quot;:0,&quot;5&quot;:{&quot;1&quot;:2,&quot;2&quot;:0}},{&quot;1&quot;:0,&quot;2&quot;:0,&quot;3&quot;:3},{&quot;1&quot;:1,&quot;2&quot;:0,&quot;4&quot;:1}]},&quot;7&quot;:{&quot;1&quot;:[{&quot;1&quot;:2,&quot;2&quot;:0,&quot;5&quot;:{&quot;1&quot;:2,&quot;2&quot;:0}},{&quot;1&quot;:0,&quot;2&quot;:0,&quot;3&quot;:3},{&quot;1&quot;:1,&quot;2&quot;:0,&quot;4&quot;:1}]},&quot;8&quot;:{&quot;1&quot;:[{&quot;1&quot;:2,&quot;2&quot;:0,&quot;5&quot;:{&quot;1&quot;:2,&quot;2&quot;:0}},{&quot;1&quot;:0,&quot;2&quot;:0,&quot;3&quot;:3},{&quot;1&quot;:1,&quot;2&quot;:0,&quot;4&quot;:1}]},&quot;9&quot;:0,&quot;10&quot;:1,&quot;11&quot;:4,&quot;12&quot;:0,&quot;14&quot;:{&quot;1&quot;:2,&quot;2&quot;:16777215},&quot;15&quot;:&quot;Inconsolata&quot;}\">Este curso tiene por objetivo entregar herramientas para el trabajo familiar desde una perspectiva integral, proponiendo estrategias de intervenci\u00f3n en los problemas de salud con un enfoque biopsicosocial y hol\u00edstico. As\u00ed mismo, se espera que logren identificar y desarrollar destrezas instrumentales personales y de equipo para el an\u00e1lisis de casos y estudio de Familia.<\/span>[\/vc_column_text][vc_tta_accordion][vc_tta_section title=&#8221;Dirigido a&#8221; tab_id=&#8221;destinatarios&#8221;][vc_column_text]<\/p>\n<div class=\"page\" title=\"Page 2\">\n<div class=\"section\">\n<div class=\"layoutArea\">\n<div class=\"column\">\n<p>Este programa est\u00e1 dirigido a los integrantes de equipos de salud que pertenecen a prestadores institucionales p\u00fablicos y privados, incluyendo a aquellos que trabajan de manera independiente. Tambi\u00e9n est\u00e1 dirigido a los trabajadores del sector privado que desarrollan acciones de atenci\u00f3n de salud, sin importar la forma en que se brinde el servicio, ya sea presencialmente o a distancia utilizando tecnolog\u00edas de la informaci\u00f3n y las comunicaciones. Esto incluye a los miembros de equipos de salud de nivel central, atenci\u00f3n primaria y corporaciones municipales de salud.<\/p>\n<\/div>\n<\/div>\n<\/div>\n<\/div>\n<p>[\/vc_column_text][\/vc_tta_section][vc_tta_section title=&#8221;Competencias a Desarrollar&#8221; tab_id=&#8221;competencia-desarrollar&#8221;][vc_column_text]1.- Enfoque Biopsicosocial en Salud Familiar: Aplicar el enfoque biopsicosocial en la evaluaci\u00f3n de problemas de salud familiar.<\/p>\n<p>2.- Intervenci\u00f3n Efectiva en Salud Familiar: Dise\u00f1ar y aplicar estrategias de intervenci\u00f3n que mejoren el bienestar familiar.<\/p>\n<p>3.- An\u00e1lisis Integral de Casos de Salud Familiar: Evaluar casos de salud familiar considerando m\u00faltiples factores.<\/p>\n<p>4.- Comunicaci\u00f3n y Trabajo en Equipo: Comunicar con empat\u00eda y colaborar en equipo para abordar las necesidades de las familias.<\/p>\n<p>5.- Identificaci\u00f3n de Determinantes en Salud: Reconocer los factores sociales y ambientales que impactan en la salud familiar.<\/p>\n<p>6.- Promoci\u00f3n de Salud en Familia: Dise\u00f1ar estrategias para fomentar la salud y prevenir enfermedades en el entorno familiar.[\/vc_column_text][\/vc_tta_section][vc_tta_section title=&#8221;Temario y horas pedag\u00f3gicas a certificar&#8221; tab_id=&#8221;temario&#8221;][vc_column_text]Este Curso Certifica un total de 36 horas pedag\u00f3gicas las que se distribuyen en 4 unidades de estudio:<\/p>\n<p><em><strong>Unidad I: Definiciones y Conceptos<\/strong><\/em><\/p>\n<p>&#8211; Introducci\u00f3n al modelo Bio-psico-social y principios de la Salud Familiar.<\/p>\n<p>&#8211; Trabajo de equipo de sector y comunidad.<\/p>\n<p>&#8211; Definiciones de Familia, tipos de familia, funciones familiares y algunas caracter\u00edsticas de la familia chilena.<\/p>\n<p><em><strong>Unidad II: Ciclo Vital<\/strong><\/em><\/p>\n<p>&#8211; Concepto de Ciclo Vital individual y familiar, caracter\u00edsticas de cada etapa del ciclo vital y su utilidad en el modelo de salud familiar.<\/p>\n<p><em><strong>Unidad III: Crisis y Tareas de desarrollo de cada etapa<\/strong><\/em><\/p>\n<p>&#8211; Concepto de Crisis normativa y no normativa y sus caracter\u00edsticas.<\/p>\n<p>&#8211; Tareas del desarrollo de cada etapa del ciclo vital.<\/p>\n<p><em><strong>Unidad IV: Instrumentos de Evaluaci\u00f3n Familiar<\/strong><\/em><\/p>\n<p>&#8211; Instrumentos de Evaluaci\u00f3n Familiar m\u00e1s utilizados: Genograma, Apgar Familiar, Ecomapa.[\/vc_column_text][\/vc_tta_section][vc_tta_section title=&#8221;Metodolog\u00eda&#8221; tab_id=&#8221;metodologia&#8221;][vc_column_text]<\/p>\n<div class=\"page\" title=\"Page 3\">\n<div class=\"layoutArea\">\n<div class=\"column\">\n<div class=\"page\" title=\"Page 3\">\n<div class=\"layoutArea\">\n<div class=\"column\">\n<p>Nuestra metodolog\u00eda del Alineamiento Constructivo, basada en la teor\u00eda constructivista del aprendizaje, alinea objetivos, actividades de ense\u00f1anza y evaluaciones con la finalidad de promover un aprendizaje significativo y habilidades de pensamiento cr\u00edtico. Sus beneficios incluyen una estructura clara, participaci\u00f3n activa, relaci\u00f3n de conceptos y autonom\u00eda en el aprendizaje, resultando en un aprendizaje profundo y transferible a situaciones reales.<\/p>\n<p>La actividad se ofrece en modalidad online, asincr\u00f3nica, lo que brinda total flexibilidad de estudio al permitir adaptar el ritmo y horario seg\u00fan las necesidades y disponibilidad de sus estudiantes.<\/p>\n<\/div>\n<\/div>\n<\/div>\n<\/div>\n<\/div>\n<\/div>\n<p>[\/vc_column_text][\/vc_tta_section][vc_tta_section title=&#8221;Beneficios para la Carrera Funcionaria&#8221; tab_id=&#8221;beneficios-carrera-funcionaria&#8221;][vc_column_text]Dado que la Escuela Nacional de Administraci\u00f3n P\u00fablica &#8211; ENA es una Instituci\u00f3n que se encuentra legalmente registrada por el Servicio Nacional de Capacitaci\u00f3n y Empleo &#8211; SENCE es que esta actividad a desarrollar de manera particular puede ser reconocida en los planes de capacitaci\u00f3n y consecuente con ello en la promoci\u00f3n en especial la acreditaci\u00f3n, las calificaciones, o como requisito de capacitaci\u00f3n para el pago de ciertas asignaciones, en especial en los Servicios de Salud y sus Establecimientos afectos a la Ley de Autoridad Sanitaria.[\/vc_column_text][\/vc_tta_section][vc_tta_section title=&#8221;Descuentos y Facilidades de Pago&#8221; tab_id=&#8221;descuentos&#8221;][vc_column_text]Es posible pagar la actividad mediante Transferencia Electr\u00f3nica o Tarjetas de Cr\u00e9dito, Debito, o Prepago:<\/p>\n<p><strong>1.- Descuento del 40% con Transferencia Electr\u00f3nica:<\/strong><\/p>\n<p>Durante el mes de septiembre, al seleccionar la transferencia electr\u00f3nica como m\u00e9todo de pago, obtendr\u00e1s un descuento del 40% sobre el precio total de la actividad.<\/p>\n<p><strong>2.- Descuento del 35% con Tarjeta de Cr\u00e9dito, D\u00e9bito o Prepago:<\/strong><\/p>\n<p>Durante septiembre, te ofrecemos un descuento del 35% al pagar en 1 cuota con Tarjeta de Cr\u00e9dito, D\u00e9bito o Prepago.<\/p>\n<p><strong>3.- Pago con Tarjeta de Cr\u00e9dito de 2 a 12 cuotas:<\/strong><\/p>\n<p>Si prefieres mayor flexibilidad en tus pagos, con Tarjeta de Cr\u00e9dito puedes optar por pagar el valor total de la actividad en cuotas mensuales de 2 a 12 meses.[\/vc_column_text][\/vc_tta_section][vc_tta_section title=&#8221;Requisitos T\u00e9cnicos&#8221; tab_id=&#8221;requisitos-tecnico&#8221;][vc_column_text]<\/p>\n<div class=\"column\"><strong>Requisitos del equipo y conexi\u00f3n a internet:<br \/>\n<\/strong>Para desarrollar el plan de estudios es necesario contar con un computador de escritorio o notebook con conexi\u00f3n a internet por banda ancha velocidad m\u00ednima 4 Mbps y con una resoluci\u00f3n m\u00ednima de 1.024 x 768 p\u00edxeles. Es recomendable que la CPU tenga como m\u00ednimo 4 GB de memoria RAM y 2 GHz de velocidad de procesador.<\/div>\n<div class=\"column\">\n<p><strong><br \/>\nAccesorios del Equipo:<br \/>\n<\/strong>Es necesario disponer de altavoces o auriculares.<\/p>\n<p><strong>Navegador de Internet:<br \/>\n<\/strong>Recuerda siempre emplear la \u00faltima versi\u00f3n del navegador de tu preferencia: Safari, Google Chrome, Mozilla Firefox, Microsoft Edge<\/p>\n<p><strong>Si utilizas un equipo con Windows se requiere como m\u00ednimo:<br \/>\n<\/strong> Sistema operativo: 10. Navegadores: Chrome, Firefox o Edge.<\/p>\n<p><strong>Si utilizas un Mac se requiere como m\u00ednimo:<br \/>\n<\/strong>Sistema operativo: 10.15 (Catalina) o superior. Navegadores: Safari, Chrome o Firefox.<\/p>\n<p><strong>Plugins necesarios para videoconferencia, lectura, colaboraci\u00f3n y trabajo en equipo en tiempo real:<\/strong><br \/>\nPara la realizaci\u00f3n de reuniones en l\u00ednea (grupos de trabajo) se requiere tener instalado Zoom; Con la finalidad de crear y editar documentos, hojas de c\u00e1lculo, presentaciones, entre otros se requiere tener instalado un paquete ofim\u00e1tico como Microsoft Office, u OpenOffice o LibreOffice; Para poder visualizar archivos en formato PDF se requiere tener instalado Adobe Reader; Para almacenamiento en la nube, colaboraci\u00f3n en tiempo real, Herramientas de edici\u00f3n: Google Drive que incluye herramientas de edici\u00f3n integradas, como Google Docs, Google Sheets y Google Slides&#8221;<\/p>\n<\/div>\n<p>[\/vc_column_text][\/vc_tta_section][vc_tta_section title=&#8221;Cl\u00e1usula de requisitos, ajustes y comunicaci\u00f3n de cambios&#8221; tab_id=&#8221;Clausulas&#8221;][vc_column_text]Para que esta actividad pueda llevarse a cabo, se necesita contar con un n\u00famero m\u00ednimo de participantes matriculados. Sin embargo, debido a circunstancias imprevistas, es posible que se realicen ajustes en la programaci\u00f3n, el cuerpo docente o el formato del programa. En caso de que ocurran cambios se informar\u00e1 oportunamente.[\/vc_column_text][\/vc_tta_section][vc_tta_section title=&#8221;Retracto, Retiro y Reembolso por Suspensi\u00f3n del Curso&#8221; tab_id=&#8221;1691260200086-781d0aa9-1da9&#8243;][vc_column_text]Nuestra intenci\u00f3n es brindar una experiencia acad\u00e9mica satisfactoria y flexible para todas y todos nuestros estudiantes. Por eso, hemos establecido tres procedimientos: el de Retracto y Retiro, el de Reembolso por Suspensi\u00f3n del Curso, y de Devoluci\u00f3n, con el objetivo de garantizar una relaci\u00f3n transparente y justa con nuestras y nuestros estudiantes. A continuaci\u00f3n, detallamos los procedimientos y condiciones aplicables a cada caso:<\/p>\n<p><span style=\"text-decoration: underline;\"><strong>1. Pol\u00edtica de Retracto y Retiro<\/strong><\/span><\/p>\n<p><em><strong>&#8211; Retracto:<\/strong><\/em><\/p>\n<p>Cada estudiante tiene la posibilidad de &#8220;retractarse&#8221; de la contrataci\u00f3n del servicio en cualquier momento desde que se matricula hasta antes de que el servicio inicie. Este derecho de retracto no conllevar\u00e1 ning\u00fan costo adicional.<\/p>\n<p><em><strong>&#8211; Retiro:<\/strong><\/em><\/p>\n<p>Si un estudiante desea &#8220;retirarse&#8221; del servicio una vez que este ha iniciado, se considerar\u00e1 una solicitud de &#8220;retiro&#8221;. En este caso, el estudiante deber\u00e1 pagar \u00fanicamente por las clases o servicios recibidos hasta la fecha del retiro. La fecha de recepci\u00f3n de la solicitud de retiro ser\u00e1 crucial para calcular la devoluci\u00f3n correspondiente. Sin embargo, no proceder\u00e1 ninguna devoluci\u00f3n si la solicitud de retiro se presenta una vez que se ha dictado el 25% o m\u00e1s del servicio contratado.<\/p>\n<p><span style=\"text-decoration: underline;\"><strong>2. Pol\u00edtica de Reembolso por Suspensi\u00f3n del Curso<\/strong><\/span><\/p>\n<p>La Escuela Nacional de Administraci\u00f3n P\u00fablica se reserva el derecho de suspender la realizaci\u00f3n del Curso si no cuenta con el m\u00ednimo de alumnos requeridos. En tal caso, se &#8220;reembolsar\u00e1&#8221; la totalidad del dinero pagado a quienes se hayan matriculado.<\/p>\n<p><span style=\"text-decoration: underline;\"><strong>3. Proceso de Devoluci\u00f3n<\/strong><\/span><\/p>\n<p>En el caso de retracto, retiro, o reembolso por suspensi\u00f3n del curso, la devoluci\u00f3n de lo pagado se realizar\u00e1 en un plazo m\u00e1ximo de 10 d\u00edas h\u00e1biles desde la recepci\u00f3n de la solicitud correspondiente. Los dineros pagados se reembolsar\u00e1n mediante transferencia bancaria a la cuenta bancaria (corriente, vista, o de ahorro) proporcionada por cada estudiante.<\/p>\n<p>Si tienes alguna duda o deseas m\u00e1s informaci\u00f3n sobre estos procesos, <em><strong>no dudes en contactarnos<\/strong><\/em>. Estaremos encantados de asistirte.[\/vc_column_text][\/vc_tta_section][vc_tta_section title=&#8221;Contacto&#8221; tab_id=&#8221;contacto&#8221;][vc_column_text]Si tienes consultas, puedes escribirnos\u00a0 a\u00a0 <a href=\"mailto:contacto@ena.cl\">contacto@ena.cl<\/a>[\/vc_column_text][\/vc_tta_section][\/vc_tta_accordion][vc_separator css=&#8221;.vc_custom_1690256808808{padding-top: 10px !important;padding-bottom: 5px !important;}&#8221;][\/vc_column][vc_column width=&#8221;1\/4&#8243; el_class=&#8221;columna_detalle&#8221; css=&#8221;.vc_custom_1690838057559{margin-top: 20px !important;padding-top: 10px !important;}&#8221;][vc_column_text]<\/p>\n<div class=\"d-sm-flex justify-content-between mb-16\">\n<div class=\"mb-16 mb-sm-0\">\n<ul>\n<li class=\"fecha_inicio\"><strong>Fecha de inicio:<\/strong><br \/>\nLunes 4 al jueves 21 de septiembre.<\/li>\n<li class=\"fecha_inicio\"><strong>Valor<br \/>\n<\/strong>$145.989<br \/>\n<strong><em>Pago de 2 a 12 cuotas con tarjeta de cr\u00e9dito<\/em><\/strong><\/li>\n<li class=\"fecha_inicio\"><strong>Descuento 40%<br \/>\n<\/strong>$87.593<br \/>\n<strong><em>Pago en 1 cuota por el mes de septiembre con transferencia electr\u00f3nica<\/em><\/strong><\/li>\n<li class=\"fecha_inicio\"><strong>Descuento 35%<br \/>\n<\/strong>$94.893<br \/>\n<strong><em>Pago en 1 cuota por el mes de septiembre con tarjeta de cr\u00e9dito, d\u00e9bito o prepago<\/em><\/strong><\/li>\n<\/ul>\n<\/div>\n<\/div>\n<p>[\/vc_column_text][vc_btn title=&#8221;Matric\u00falate aqu\u00ed&#8221; color=&#8221;white&#8221; link=&#8221;url:https%3A%2F%2Fena.cl%2F%3Fadd-to-cart%3D4636|||&#8221; el_class=&#8221;btn_carro_compra&#8221;][\/vc_column][\/vc_row]<\/p>\n<\/div>","protected":false},"excerpt":{"rendered":"<p><strong>Modalidad Online Asincr\u00f3nica <br \/>36 Horas Pedag\u00f3gicas<\/strong><br \/>\nEste curso tiene como\u00a0objetivo entregar herramientas para el trabajo familiar desde una perspectiva integral, proponiendo estrategias de intervenci\u00f3n en los problemas de salud con un enfoque biopsicosocial y hol\u00edstico..<\/p>\n","protected":false},"author":3,"featured_media":4730,"comment_status":"closed","ping_status":"closed","sticky":false,"template":"","format":"standard","meta":{"footnotes":""},"categories":[40],"tags":[],"class_list":["post-4562","post","type-post","status-publish","format-standard","has-post-thumbnail","hentry","category-cursos-abiertos","category-40","description-off"],"_links":{"self":[{"href":"https:\/\/ena.cl\/index.php?rest_route=\/wp\/v2\/posts\/4562","targetHints":{"allow":["GET"]}}],"collection":[{"href":"https:\/\/ena.cl\/index.php?rest_route=\/wp\/v2\/posts"}],"about":[{"href":"https:\/\/ena.cl\/index.php?rest_route=\/wp\/v2\/types\/post"}],"author":[{"embeddable":true,"href":"https:\/\/ena.cl\/index.php?rest_route=\/wp\/v2\/users\/3"}],"replies":[{"embeddable":true,"href":"https:\/\/ena.cl\/index.php?rest_route=%2Fwp%2Fv2%2Fcomments&post=4562"}],"version-history":[{"count":11,"href":"https:\/\/ena.cl\/index.php?rest_route=\/wp\/v2\/posts\/4562\/revisions"}],"predecessor-version":[{"id":4731,"href":"https:\/\/ena.cl\/index.php?rest_route=\/wp\/v2\/posts\/4562\/revisions\/4731"}],"wp:featuredmedia":[{"embeddable":true,"href":"https:\/\/ena.cl\/index.php?rest_route=\/wp\/v2\/media\/4730"}],"wp:attachment":[{"href":"https:\/\/ena.cl\/index.php?rest_route=%2Fwp%2Fv2%2Fmedia&parent=4562"}],"wp:term":[{"taxonomy":"category","embeddable":true,"href":"https:\/\/ena.cl\/index.php?rest_route=%2Fwp%2Fv2%2Fcategories&post=4562"},{"taxonomy":"post_tag","embeddable":true,"href":"https:\/\/ena.cl\/index.php?rest_route=%2Fwp%2Fv2%2Ftags&post=4562"}],"curies":[{"name":"wp","href":"https:\/\/api.w.org\/{rel}","templated":true}]}}