{"id":4555,"date":"2023-08-06T00:35:23","date_gmt":"2023-08-06T04:35:23","guid":{"rendered":"https:\/\/ena.cl\/?p=4555"},"modified":"2025-07-30T11:42:19","modified_gmt":"2025-07-30T15:42:19","slug":"funcion-publica-estatuto-administrativo","status":"publish","type":"post","link":"https:\/\/ena.cl\/?p=4555","title":{"rendered":"La Funci\u00f3n P\u00fablica Civil regulada en el Estatuto Administrativo"},"content":{"rendered":"<div class=\"wpb-content-wrapper\"><p>[vc_row full_width=&#8221;stretch_row_content&#8221; css=&#8221;.vc_custom_1753883146323{margin-top: -50px !important;}&#8221;][vc_column css=&#8221;.vc_custom_1753883049001{padding-top: 200px !important;padding-right: 20px !important;padding-bottom: 0px !important;padding-left: 20px !important;background-image: url(https:\/\/ena.cl\/wp-content\/uploads\/2023\/08\/3.jpg?id=4654) !important;background-position: center !important;background-repeat: no-repeat !important;background-size: cover !important;}&#8221;][vc_row_inner el_class=&#8221;cabecera_curso&#8221;][vc_column_inner width=&#8221;3\/4&#8243; css=&#8221;.vc_custom_1691018078518{padding-top: 10px !important;background-position: center !important;background-repeat: no-repeat !important;background-size: contain !important;}&#8221;][vc_column_text]<\/p>\n<h4 class=\"sub-titulo-curso\">Curso Abierto 2025, Derecho P\u00fablico<\/h4>\n<h1 class=\"titulo-curso\">La Funci\u00f3n P\u00fablica Civil regulada en el Estatuto Administrativo<\/h1>\n<h4 class=\"bajada-titulo\">Modalidad Online Asincr\u00f3nica &#8211; 54 Horas Pedag\u00f3gicas<\/h4>\n<p>[\/vc_column_text][\/vc_column_inner][vc_column_inner el_class=&#8221;botones_curso&#8221; width=&#8221;1\/4&#8243; css=&#8221;.vc_custom_1753883753659{margin-left: 30px !important;padding-top: 80px !important;}&#8221;][vc_btn title=&#8221;Descarga Folleto&#8221; style=&#8221;custom&#8221; custom_background=&#8221;#cc2618&#8243; custom_text=&#8221;#ffffff&#8221; link=&#8221;url:https%3A%2F%2Fena.cl%2Fwp-content%2Fuploads%2F2023%2F08%2FENA_Folleto-Cursos-abiertos_SEPTIEMBRE_Funcion-publica.pdf|||&#8221;][\/vc_column_inner][\/vc_row_inner][\/vc_column][\/vc_row][vc_row css=&#8221;.vc_custom_1690838421496{margin-top: 20px !important;}&#8221;][vc_column width=&#8221;3\/4&#8243; css=&#8221;.vc_custom_1690817279234{margin-top: 40px !important;padding-right: 30px !important;}&#8221;][vc_column_text]<\/p>\n<h3 class=\"titulo_cursos\">Descripci\u00f3n<\/h3>\n<p>Este curso tiene como objetivo analizar los aspectos te\u00f3ricos y pr\u00e1cticos concernientes al r\u00e9gimen laboral de quienes desempe\u00f1an la funci\u00f3n p\u00fablica con la finalidad de interpretar y aplicar de manera efectiva el Estatuto Administrativo, sus normas complementarias y reglamentos, as\u00ed como su jurisprudencia administrativa y judicial.[\/vc_column_text][vc_column_text]<\/p>\n<h3 id=\"fechas\" class=\"titulo_cursos\">Fechas del curso<\/h3>\n<table id=\"DataTables_Table_0\" class=\"dataTable no-footer dtr-inline\" style=\"height: 93px;\" width=\"469\">\n<thead>\n<tr>\n<th class=\"sorting_disabled\" style=\"text-align: left;\" colspan=\"1\" rowspan=\"1\">Fechas<\/th>\n<th class=\"sorting_disabled\" style=\"text-align: left;\" colspan=\"1\" rowspan=\"1\">Horario<\/th>\n<th class=\"sorting_disabled\" style=\"text-align: left;\" colspan=\"1\" rowspan=\"1\">Modalidad<\/th>\n<th class=\"sorting_disabled\" style=\"text-align: left;\" colspan=\"1\" rowspan=\"1\">Comprar<\/th>\n<\/tr>\n<\/thead>\n<tbody>\n<tr class=\"odd\">\n<td class=\"dtr-control\" tabindex=\"0\">01 al 30 de septiembre<\/td>\n<td>08:30 a 10:30<\/td>\n<td>Online &#8211; Sincr\u00f3nico<\/td>\n<td><a class=\"button-action small\" href=\"https:\/\/ena.cl\/?buy-now=1&amp;product_id=4625\" target=\"_blank\" rel=\"noopener\">Comprar<\/a><\/td>\n<\/tr>\n<tr class=\"even\">\n<td class=\"dtr-control\" tabindex=\"0\">01 al 30 de septiembre<\/td>\n<td>18:30 a 20:30<\/td>\n<td>Online &#8211; Sincr\u00f3nico<\/td>\n<td><a class=\"button-action small\" href=\"https:\/\/ena.cl\/?buy-now=1&amp;product_id=4625\" target=\"_blank\" rel=\"noopener\">Comprar<\/a><\/td>\n<\/tr>\n<\/tbody>\n<\/table>\n<p>[\/vc_column_text][vc_tta_accordion][vc_tta_section title=&#8221;Dirigido a&#8221; tab_id=&#8221;destinatarios&#8221;][vc_column_text]<\/p>\n<div class=\"page\" title=\"Page 2\">\n<div class=\"section\">\n<div class=\"layoutArea\">\n<div class=\"column\">\n<p><span data-sheets-value=\"{&quot;1&quot;:2,&quot;2&quot;:&quot;Autoridades, funcionarios p\u00fablicos de planta y a contrata, contratados a honorarios, dirigentes gremiales, as\u00ed como tambi\u00e9n a trabajadores del sector privado que a modo de prestaci\u00f3n de servicios interact\u00faan con la Administraci\u00f3n P\u00fablica.&quot;}\" data-sheets-userformat=\"{&quot;2&quot;:15355,&quot;3&quot;:{&quot;1&quot;:0},&quot;4&quot;:{&quot;1&quot;:2,&quot;2&quot;:16750848},&quot;6&quot;:{&quot;1&quot;:[{&quot;1&quot;:2,&quot;2&quot;:0,&quot;5&quot;:{&quot;1&quot;:2,&quot;2&quot;:0}},{&quot;1&quot;:0,&quot;2&quot;:0,&quot;3&quot;:3},{&quot;1&quot;:1,&quot;2&quot;:0,&quot;4&quot;:1}]},&quot;7&quot;:{&quot;1&quot;:[{&quot;1&quot;:2,&quot;2&quot;:0,&quot;5&quot;:{&quot;1&quot;:2,&quot;2&quot;:0}},{&quot;1&quot;:0,&quot;2&quot;:0,&quot;3&quot;:3},{&quot;1&quot;:1,&quot;2&quot;:0,&quot;4&quot;:1}]},&quot;8&quot;:{&quot;1&quot;:[{&quot;1&quot;:2,&quot;2&quot;:0,&quot;5&quot;:{&quot;1&quot;:2,&quot;2&quot;:0}},{&quot;1&quot;:0,&quot;2&quot;:0,&quot;3&quot;:3},{&quot;1&quot;:1,&quot;2&quot;:0,&quot;4&quot;:1}]},&quot;9&quot;:0,&quot;10&quot;:1,&quot;11&quot;:4,&quot;12&quot;:0,&quot;14&quot;:{&quot;1&quot;:2,&quot;2&quot;:16777215},&quot;15&quot;:&quot;Inconsolata&quot;,&quot;16&quot;:10}\">Autoridades, funcionarios p\u00fablicos de planta y a contrata, contratados a honorarios, dirigentes gremiales, as\u00ed como tambi\u00e9n a trabajadores del sector privado que a modo de prestaci\u00f3n de servicios interact\u00faan con la Administraci\u00f3n P\u00fablica.<\/span><\/p>\n<\/div>\n<\/div>\n<\/div>\n<\/div>\n<p>[\/vc_column_text][\/vc_tta_section][vc_tta_section title=&#8221;Competencias a Desarrollar&#8221; tab_id=&#8221;competencia-desarrollar&#8221;][vc_column_text]1.- Interpretaci\u00f3n y Aplicaci\u00f3n Normativa: Comprender y aplicar el Estatuto Administrativo y sus reglamentos de manera precisa.<\/p>\n<p>2.- Uso Pr\u00e1ctico en Situaciones Reales: Aplicar el Estatuto Administrativo en contextos laborales reales, asegurando el cumplimiento y la equidad.<\/p>\n<p>3.- Aplicaci\u00f3n de Precedentes Legales: Utilizar jurisprudencia administrativa y judicial para fundamentar decisiones basadas en el Estatuto Administrativo.<\/p>\n<p>4.- Decisi\u00f3n \u00c9tica y Responsable: Tomar decisiones laborales \u00e9ticas y responsables conforme al Estatuto Administrativo.<\/p>\n<p>5.- Resoluci\u00f3n Efectiva de Conflictos: Abordar y resolver disputas laborales siguiendo el marco del Estatuto Administrativo.<\/p>\n<p>6.- Adaptaci\u00f3n a Cambios Normativos: Mantenerse actualizado y ajustar pr\u00e1cticas conforme a cambios en el Estatuto Administrativo y regulaciones.[\/vc_column_text][\/vc_tta_section][vc_tta_section title=&#8221;Temario y horas pedag\u00f3gicas a certificar&#8221; tab_id=&#8221;temario&#8221;][vc_column_text]Este Curso Certifica un total de 54 horas pedag\u00f3gicas las que se distribuyen en 6 unidades de estudio:<\/p>\n<p><strong>Unidad N\u00ba1: Las Normas Generales del Estatuto Administrativo<\/strong><\/p>\n<p>&#8211; Finalidad y \u00e1mbito de aplicaci\u00f3n<\/p>\n<p>&#8211; Conceptos jur\u00eddicos determinados e indeterminados presentes en la relaci\u00f3n Estatutaria<\/p>\n<p>&#8211; Calidades Jur\u00eddicas: Titulares, Contratas, Contratos a Honorarios<\/p>\n<p>&#8211; Requisitos para servir el cargo p\u00fablico y los contratos a honorarios<\/p>\n<p>&#8211; Reglas de provisi\u00f3n de los cargos p\u00fablicos<\/p>\n<p>&#8211; Reglas del nombramiento<\/p>\n<p><strong><br \/>\nUnidad N\u00ba2: Carrera Funcionaria<\/strong><\/p>\n<p>&#8211; El Sistema de Ingreso a los cargos en calidad de Titular<\/p>\n<p>&#8211; El Sistema de Capacitaci\u00f3n<\/p>\n<p>&#8211; El Sistema de Calificaciones<\/p>\n<p>&#8211; El Sistema de Promoci\u00f3n<\/p>\n<p><strong><br \/>\nUnidad N\u00ba3: Obligaciones Funcionarias<\/strong><\/p>\n<p>&#8211; Los deberes, prohibiciones, e incompatibilidades<\/p>\n<p>&#8211; La Jornada de trabajo<\/p>\n<p>&#8211; La Subrogaci\u00f3n y la Suplencia como mecanismos de remplazo<\/p>\n<p>&#8211; Destinaciones, Comisiones de Servicio, Cometidos Funcionarios<\/p>\n<p><strong><br \/>\nUnidad N\u00ba4: Los derechos funcionarios<\/strong><\/p>\n<p>&#8211; Derechos derivados de la carrera funcionaria<\/p>\n<p>&#8211; Derechos de la familia: Protecci\u00f3n a la maternidad, paternidad y vida familiar<\/p>\n<p>&#8211; Derecho a defensa judicial ante situaciones de maltrato y ante denuncias de irregularidades<\/p>\n<p>&#8211; Derechos pecuniarios<\/p>\n<p>&#8211; Derecho al descanso anual: Las vacaciones<\/p>\n<p>&#8211; Derecho a ausentarse transitoriamente: Los permisos administrativos<\/p>\n<p>&#8211; Derechos a prestaciones m\u00e9dicas<\/p>\n<p>&#8211; Derecho a prestaciones sociales<\/p>\n<p><strong><br \/>\nUnidad N\u00ba5: La responsabilidad administrativa disciplinaria<\/strong><\/p>\n<p>&#8211; La constancia y las sanciones de conductas reprochables.<\/p>\n<p>&#8211; Principios: Dolo \/ Negligencia; Desacierto Funcionario<\/p>\n<p>&#8211; El Proceso Administrativo: La Investigaci\u00f3n Sumaria y el Sumario Administrativo<\/p>\n<p>&#8211; Extinci\u00f3n de la Responsabilidad Administrativa<\/p>\n<p><strong><br \/>\nUnidad N\u00ba6: Cese de Funciones y Disposiciones Varias<\/strong><\/p>\n<p>&#8211; Causas de Cese de Funciones<\/p>\n<p>&#8211; El especial caso de la &#8220;&#8221;incompatibilidad de la salud&#8221;&#8221;<\/p>\n<p>&#8211; Protecci\u00f3n de la Confianza Leg\u00edtima<\/p>\n<p>&#8211; Reclamo por Vicio de Legalidad<\/p>\n<p>&#8211; Prescripci\u00f3n de los derechos que no son asignaciones[\/vc_column_text][\/vc_tta_section][vc_tta_section title=&#8221;Metodolog\u00eda&#8221; tab_id=&#8221;metodologia&#8221;][vc_column_text]<\/p>\n<div class=\"page\" title=\"Page 3\">\n<div class=\"layoutArea\">\n<div class=\"column\">\n<div class=\"page\" title=\"Page 3\">\n<div class=\"layoutArea\">\n<div class=\"column\">\n<p>Nuestra metodolog\u00eda del Alineamiento Constructivo, basada en la teor\u00eda constructivista del aprendizaje, alinea objetivos, actividades de ense\u00f1anza y evaluaciones con la finalidad de promover un aprendizaje significativo y habilidades de pensamiento cr\u00edtico. Sus beneficios incluyen una estructura clara, participaci\u00f3n activa, relaci\u00f3n de conceptos y autonom\u00eda en el aprendizaje, resultando en un aprendizaje profundo y transferible a situaciones reales.<\/p>\n<p>La actividad se ofrece en modalidad online, asincr\u00f3nica, lo que brinda total flexibilidad de estudio al permitir adaptar el ritmo y horario seg\u00fan las necesidades y disponibilidad de sus estudiantes.<\/p>\n<\/div>\n<\/div>\n<\/div>\n<\/div>\n<\/div>\n<\/div>\n<p>[\/vc_column_text][\/vc_tta_section][vc_tta_section title=&#8221;Beneficios para la Carrera Funcionaria&#8221; tab_id=&#8221;beneficios-carrera-funcionaria&#8221;][vc_column_text]Dado que la Escuela Nacional de Administraci\u00f3n P\u00fablica &#8211; ENA es una Instituci\u00f3n que se encuentra legalmente registrada por el Servicio Nacional de Capacitaci\u00f3n y Empleo &#8211; SENCE es que esta actividad a desarrollar de manera particular puede ser reconocida en los planes de capacitaci\u00f3n y consecuente con ello en la promoci\u00f3n en especial la acreditaci\u00f3n, las calificaciones, o como requisito de capacitaci\u00f3n para el pago de ciertas asignaciones, en especial en los Servicios de Salud y sus Establecimientos afectos a la Ley de Autoridad Sanitaria.[\/vc_column_text][\/vc_tta_section][vc_tta_section title=&#8221;Descuentos y Facilidades de Pago&#8221; tab_id=&#8221;descuentos&#8221;][vc_column_text]Es posible pagar la actividad mediante Transferencia Electr\u00f3nica o Tarjetas de Cr\u00e9dito, Debito, o Prepago:<\/p>\n<p><strong>1.- Descuento del 40% con Transferencia Electr\u00f3nica:<\/strong><\/p>\n<p>Durante el mes de septiembre, al seleccionar la transferencia electr\u00f3nica como m\u00e9todo de pago, obtendr\u00e1s un descuento del 40% sobre el precio total de la actividad.<\/p>\n<p><strong>2.- Descuento del 35% con Tarjeta de Cr\u00e9dito, D\u00e9bito o Prepago:<\/strong><\/p>\n<p>Durante septiembre, te ofrecemos un descuento del 35% al pagar en 1 cuota con Tarjeta de Cr\u00e9dito, D\u00e9bito o Prepago.<\/p>\n<p><strong>3.- Pago con Tarjeta de Cr\u00e9dito de 2 a 12 cuotas:<\/strong><\/p>\n<p>Si prefieres mayor flexibilidad en tus pagos, con Tarjeta de Cr\u00e9dito puedes optar por pagar el valor total de la actividad en cuotas mensuales de 2 a 12 meses.[\/vc_column_text][\/vc_tta_section][vc_tta_section title=&#8221;Requisitos T\u00e9cnicos&#8221; tab_id=&#8221;requisitos-tecnico&#8221;][vc_column_text]<\/p>\n<div class=\"column\"><strong>Requisitos del equipo y conexi\u00f3n a internet:<br \/>\n<\/strong>Para desarrollar el plan de estudios es necesario contar con un computador de escritorio o notebook con conexi\u00f3n a internet por banda ancha velocidad m\u00ednima 4 Mbps y con una resoluci\u00f3n m\u00ednima de 1.024 x 768 p\u00edxeles. Es recomendable que la CPU tenga como m\u00ednimo 4 GB de memoria RAM y 2 GHz de velocidad de procesador.<\/div>\n<div class=\"column\">\n<p><strong><br \/>\nAccesorios del Equipo:<br \/>\n<\/strong>Es necesario disponer de altavoces o auriculares.<\/p>\n<p><strong>Navegador de Internet:<br \/>\n<\/strong>Recuerda siempre emplear la \u00faltima versi\u00f3n del navegador de tu preferencia: Safari, Google Chrome, Mozilla Firefox, Microsoft Edge<\/p>\n<p><strong>Si utilizas un equipo con Windows se requiere como m\u00ednimo:<br \/>\n<\/strong> Sistema operativo: 10. Navegadores: Chrome, Firefox o Edge.<\/p>\n<p><strong>Si utilizas un Mac se requiere como m\u00ednimo:<br \/>\n<\/strong>Sistema operativo: 10.15 (Catalina) o superior. Navegadores: Safari, Chrome o Firefox.<\/p>\n<p><strong>Plugins necesarios para videoconferencia, lectura, colaboraci\u00f3n y trabajo en equipo en tiempo real:<\/strong><br \/>\nPara la realizaci\u00f3n de reuniones en l\u00ednea (grupos de trabajo) se requiere tener instalado Zoom; Con la finalidad de crear y editar documentos, hojas de c\u00e1lculo, presentaciones, entre otros se requiere tener instalado un paquete ofim\u00e1tico como Microsoft Office, u OpenOffice o LibreOffice; Para poder visualizar archivos en formato PDF se requiere tener instalado Adobe Reader; Para almacenamiento en la nube, colaboraci\u00f3n en tiempo real, Herramientas de edici\u00f3n: Google Drive que incluye herramientas de edici\u00f3n integradas, como Google Docs, Google Sheets y Google Slides&#8221;<\/p>\n<\/div>\n<p>[\/vc_column_text][\/vc_tta_section][vc_tta_section title=&#8221;Cl\u00e1usula de requisitos, ajustes y comunicaci\u00f3n de cambios&#8221; tab_id=&#8221;Clausulas&#8221;][vc_column_text]Para que esta actividad pueda llevarse a cabo, se necesita contar con un n\u00famero m\u00ednimo de participantes matriculados. Sin embargo, debido a circunstancias imprevistas, es posible que se realicen ajustes en la programaci\u00f3n, el cuerpo docente o el formato del programa. En caso de que ocurran cambios se informar\u00e1 oportunamente.[\/vc_column_text][\/vc_tta_section][vc_tta_section title=&#8221;Retracto, Retiro y Reembolso por Suspensi\u00f3n del Curso&#8221; tab_id=&#8221;1691260200086-781d0aa9-1da9&#8243;][vc_column_text]Nuestra intenci\u00f3n es brindar una experiencia acad\u00e9mica satisfactoria y flexible para todas y todos nuestros estudiantes. Por eso, hemos establecido tres procedimientos: el de Retracto y Retiro, el de Reembolso por Suspensi\u00f3n del Curso, y de Devoluci\u00f3n, con el objetivo de garantizar una relaci\u00f3n transparente y justa con nuestras y nuestros estudiantes. A continuaci\u00f3n, detallamos los procedimientos y condiciones aplicables a cada caso:<\/p>\n<p><span style=\"text-decoration: underline;\"><strong>1. Pol\u00edtica de Retracto y Retiro<\/strong><\/span><\/p>\n<p><em><strong>&#8211; Retracto:<\/strong><\/em><\/p>\n<p>Cada estudiante tiene la posibilidad de &#8220;retractarse&#8221; de la contrataci\u00f3n del servicio en cualquier momento desde que se matricula hasta antes de que el servicio inicie. Este derecho de retracto no conllevar\u00e1 ning\u00fan costo adicional.<\/p>\n<p><em><strong>&#8211; Retiro:<\/strong><\/em><\/p>\n<p>Si un estudiante desea &#8220;retirarse&#8221; del servicio una vez que este ha iniciado, se considerar\u00e1 una solicitud de &#8220;retiro&#8221;. En este caso, el estudiante deber\u00e1 pagar \u00fanicamente por las clases o servicios recibidos hasta la fecha del retiro. La fecha de recepci\u00f3n de la solicitud de retiro ser\u00e1 crucial para calcular la devoluci\u00f3n correspondiente. Sin embargo, no proceder\u00e1 ninguna devoluci\u00f3n si la solicitud de retiro se presenta una vez que se ha dictado el 25% o m\u00e1s del servicio contratado.<\/p>\n<p><span style=\"text-decoration: underline;\"><strong>2. Pol\u00edtica de Reembolso por Suspensi\u00f3n del Curso<\/strong><\/span><\/p>\n<p>La Escuela Nacional de Administraci\u00f3n P\u00fablica se reserva el derecho de suspender la realizaci\u00f3n del Curso si no cuenta con el m\u00ednimo de alumnos requeridos. En tal caso, se &#8220;reembolsar\u00e1&#8221; la totalidad del dinero pagado a quienes se hayan matriculado.<\/p>\n<p><span style=\"text-decoration: underline;\"><strong>3. Proceso de Devoluci\u00f3n<\/strong><\/span><\/p>\n<p>En el caso de retracto, retiro, o reembolso por suspensi\u00f3n del curso, la devoluci\u00f3n de lo pagado se realizar\u00e1 en un plazo m\u00e1ximo de 10 d\u00edas h\u00e1biles desde la recepci\u00f3n de la solicitud correspondiente. Los dineros pagados se reembolsar\u00e1n mediante transferencia bancaria a la cuenta bancaria (corriente, vista, o de ahorro) proporcionada por cada estudiante.<\/p>\n<p>Si tienes alguna duda o deseas m\u00e1s informaci\u00f3n sobre estos procesos, <em><strong>no dudes en contactarnos<\/strong><\/em>. Estaremos encantados de asistirte.[\/vc_column_text][\/vc_tta_section][vc_tta_section title=&#8221;Contacto&#8221; tab_id=&#8221;contacto&#8221;][vc_column_text]Si tienes consultas, puedes escribirnos\u00a0 a\u00a0 <a href=\"mailto:contacto@ena.cl\">contacto@ena.cl<\/a>[\/vc_column_text][\/vc_tta_section][\/vc_tta_accordion][\/vc_column][vc_column width=&#8221;1\/4&#8243; el_class=&#8221;columna_detalle&#8221; css=&#8221;.vc_custom_1690838057559{margin-top: 20px !important;padding-top: 10px !important;}&#8221;][vc_column_text]<\/p>\n<h4>Detalles del curso<\/h4>\n<p>Modalidad: Sincr\u00f3nica<br \/>\nDuraci\u00f3n: 54 Horas Pedag\u00f3gicas<br \/>\n2 horarios disponibles<br \/>\nPrecio: $ 0000000<\/p>\n<p><strong>Formas de pago:<\/strong><\/p>\n<p>Transferencia Electr\u00f3nica<br \/>\nTarjetas de D\u00e9bito \/ Cr\u00e9dito[\/vc_column_text][vc_btn title=&#8221;Cont\u00e1ctanos&#8221; style=&#8221;custom&#8221; custom_background=&#8221;#cc2618&#8243; custom_text=&#8221;#ffffff&#8221; link=&#8221;url:%23&#8243;][\/vc_column][\/vc_row]<\/p>\n<\/div>","protected":false},"excerpt":{"rendered":"<p><strong>Modalidad Online Asincr\u00f3nica <br \/>54 Horas Pedag\u00f3gicas<\/strong><br \/>\nEste curso tiene como\u00a0bjetivo analizar los aspectos te\u00f3ricos y pr\u00e1cticos concernientes al r\u00e9gimen laboral de quienes desempe\u00f1an la funci\u00f3n p\u00fablica ..<\/p>\n","protected":false},"author":3,"featured_media":4728,"comment_status":"closed","ping_status":"closed","sticky":false,"template":"","format":"standard","meta":{"footnotes":""},"categories":[40],"tags":[],"class_list":["post-4555","post","type-post","status-publish","format-standard","has-post-thumbnail","hentry","category-cursos-abiertos","category-40","description-off"],"_links":{"self":[{"href":"https:\/\/ena.cl\/index.php?rest_route=\/wp\/v2\/posts\/4555","targetHints":{"allow":["GET"]}}],"collection":[{"href":"https:\/\/ena.cl\/index.php?rest_route=\/wp\/v2\/posts"}],"about":[{"href":"https:\/\/ena.cl\/index.php?rest_route=\/wp\/v2\/types\/post"}],"author":[{"embeddable":true,"href":"https:\/\/ena.cl\/index.php?rest_route=\/wp\/v2\/users\/3"}],"replies":[{"embeddable":true,"href":"https:\/\/ena.cl\/index.php?rest_route=%2Fwp%2Fv2%2Fcomments&post=4555"}],"version-history":[{"count":40,"href":"https:\/\/ena.cl\/index.php?rest_route=\/wp\/v2\/posts\/4555\/revisions"}],"predecessor-version":[{"id":56181,"href":"https:\/\/ena.cl\/index.php?rest_route=\/wp\/v2\/posts\/4555\/revisions\/56181"}],"wp:featuredmedia":[{"embeddable":true,"href":"https:\/\/ena.cl\/index.php?rest_route=\/wp\/v2\/media\/4728"}],"wp:attachment":[{"href":"https:\/\/ena.cl\/index.php?rest_route=%2Fwp%2Fv2%2Fmedia&parent=4555"}],"wp:term":[{"taxonomy":"category","embeddable":true,"href":"https:\/\/ena.cl\/index.php?rest_route=%2Fwp%2Fv2%2Fcategories&post=4555"},{"taxonomy":"post_tag","embeddable":true,"href":"https:\/\/ena.cl\/index.php?rest_route=%2Fwp%2Fv2%2Ftags&post=4555"}],"curies":[{"name":"wp","href":"https:\/\/api.w.org\/{rel}","templated":true}]}}