{"id":4269,"date":"2023-07-24T23:51:51","date_gmt":"2023-07-25T03:51:51","guid":{"rendered":"https:\/\/ena.cl\/?p=4269"},"modified":"2023-08-21T22:31:38","modified_gmt":"2023-08-22T02:31:38","slug":"el-sistema-de-calificaciones-funcionarias","status":"publish","type":"post","link":"https:\/\/ena.cl\/?p=4269","title":{"rendered":"El Sistema de Calificaciones Funcionarias"},"content":{"rendered":"<div class=\"wpb-content-wrapper\"><p>[vc_row][vc_column css=&#8221;.vc_custom_1691017999643{padding-top: 270px !important;background-image: url(https:\/\/ena.cl\/wp-content\/uploads\/2023\/07\/salud-1.jpg?id=4294) !important;background-position: center !important;background-repeat: no-repeat !important;background-size: contain !important;}&#8221;][vc_row_inner el_class=&#8221;cabecera_curso&#8221;][vc_column_inner width=&#8221;2\/3&#8243; css=&#8221;.vc_custom_1691017975472{padding-top: 10px !important;background-position: center !important;background-repeat: no-repeat !important;background-size: contain !important;}&#8221;][vc_column_text]<\/p>\n<h4 class=\"sub-titulo-curso\">Curso Abierto Agosto 2023, Derecho P\u00fablico<\/h4>\n<h1 class=\"titulo-curso\">El Sistema de Calificaciones Funcionarias<\/h1>\n<div class=\"bajada-titulo\">Modalidad Online Asincr\u00f3nica &#8211; 36 Horas Pedag\u00f3gicas<\/div>\n<p>[\/vc_column_text][\/vc_column_inner][vc_column_inner el_class=&#8221;botones_curso&#8221; width=&#8221;1\/6&#8243; css=&#8221;.vc_custom_1690756322031{margin-left: 30px !important;}&#8221;][vc_btn title=&#8221;Descarga Folleto&#8221; align=&#8221;left&#8221; link=&#8221;url:https%3A%2F%2Fena.cl%2Fwp-content%2Fuploads%2F2023%2F08%2FENA_Folleto-Cursos-abiertos_AGOSTO_Sistema-calificaciones_V5.pdf|||&#8221;][\/vc_column_inner][vc_column_inner el_class=&#8221;botones_curso&#8221; width=&#8221;1\/6&#8243;][vc_btn title=&#8221;Matric\u00falate aqu\u00ed&#8221; link=&#8221;url:https%3A%2F%2Fena.cl%2F%3Fadd-to-cart%3D4418||target:%20_blank|&#8221;][\/vc_column_inner][\/vc_row_inner][\/vc_column][\/vc_row][vc_row css=&#8221;.vc_custom_1691010467583{margin-top: 10px !important;}&#8221;][vc_column width=&#8221;3\/4&#8243; css=&#8221;.vc_custom_1690816059736{margin-top: 40px !important;padding-right: 30px !important;}&#8221;][vc_column_text]<\/p>\n<h3 class=\"titulo_cursos\">DESCRIPCI\u00d3N<\/h3>\n<p>El objetivo de desempe\u00f1o de este curso es analizar los aspectos te\u00f3ricos y pr\u00e1cticos concernientes al Sistema Calificatorio del personal que se desempe\u00f1a en la Administraci\u00f3n P\u00fablica. Dicho an\u00e1lisis se realizar\u00e1 a trav\u00e9s del estudio de la doctrina, jurisprudencia y legislaci\u00f3n, con el prop\u00f3sito de que los alumnos obtengan una visi\u00f3n cr\u00edtica de los alcances, beneficios y principales problemas relacionados con el procedimiento de evaluaci\u00f3n del desempe\u00f1o.[\/vc_column_text][vc_tta_accordion][vc_tta_section title=&#8221;Dirigido a&#8221; tab_id=&#8221;destinatarios&#8221;][vc_column_text]Autoridades, integrantes de las Juntas Calificadoras, Jefes de Personal, funcionarios p\u00fablicos de planta y a contrata, contratados a honorarios, dirigentes gremiales, as\u00ed como tambi\u00e9n trabajadores del sector privado que, a modo de prestaci\u00f3n de servicios, interact\u00faan con la Administraci\u00f3n P\u00fablica.[\/vc_column_text][\/vc_tta_section][vc_tta_section title=&#8221;Competencias a Desarrollar&#8221; tab_id=&#8221;competencia-desarrollar&#8221;][vc_column_text]1.- Comprender los fundamentos te\u00f3ricos, beneficios y desaf\u00edos del Sistema Calificatorio en la Administraci\u00f3n P\u00fablica.<br \/>\n2.- Analizar tanto la legislaci\u00f3n y normativa relacionada, como la jurisprudencia administrativa relacionada.<br \/>\n3.- Desarrollar habilidades de an\u00e1lisis cr\u00edtico sobre los alcances y limitaciones del Sistema Calificatorio, identificando posibles mejoras o \u00e1reas de conflicto.<br \/>\n4.- Aplicar el conocimiento te\u00f3rico en situaciones pr\u00e1cticas emanadas de la jurisprudencia administrativa relacionada.<br \/>\n5.- Promover la reflexi\u00f3n sobre la mejora continua y el mejor funcionamiento de la Administraci\u00f3n P\u00fablica.[\/vc_column_text][\/vc_tta_section][vc_tta_section title=&#8221;Temario y horas pedag\u00f3gicas a certificar&#8221; tab_id=&#8221;temario&#8221;][vc_column_text]Este Curso Certifica un total de 36 horas pedag\u00f3gicas las que se distribuyen en 4 unidades de estudio:<\/p>\n<p><strong>Unidad 1: Organizaci\u00f3n y Reglas B\u00e1sicas<\/strong><\/p>\n<p>&#8211; El sistema de calificaciones como parte de la carrera funcionaria<br \/>\n&#8211; Est\u00e1ndares de Gesti\u00f3n del Desempe\u00f1o contenidos en la Norma de General Aplicaci\u00f3n N\u00ba2 de la Direcci\u00f3n Nacional del Servicio Civil<br \/>\n&#8211; Evoluci\u00f3n normativa y reglamentaria<br \/>\n&#8211; \u00c1mbito de aplicaci\u00f3n y fines<br \/>\n&#8211; Periodo a evaluar y proceso calificatorio<\/p>\n<p><strong>Unidad 2: La Precalificaci\u00f3n<\/strong><\/p>\n<p>&#8211; Potestad calificatoria y pre-calificaci\u00f3n<br \/>\n&#8211; La \/ el jefe directo &#8211; Requisitos para ser precalificado \/ calificado<br \/>\n&#8211; Los Instrumentos Auxiliares<br \/>\n&#8211; Las anotaciones de m\u00e9rito y de dem\u00e9rito<br \/>\n&#8211; El problema de la &#8220;precalificaci\u00f3n a los Dirigentes Gremiales&#8221;<br \/>\n&#8211; La Entrevista de Retroalimentaci\u00f3n y el Feedforward<\/p>\n<p><strong>Unidad 3: La Calificaci\u00f3n<\/strong><\/p>\n<p>&#8211; Integrantes \/ participantes de la Junta Calificadora<br \/>\n&#8211; La \/ el Representante del Personal<br \/>\n&#8211; El principio de las instancias diferenciadas<br \/>\n&#8211; Los factores Calificatorios<br \/>\n&#8211; El deber de acuerdo fundado<\/p>\n<p><strong>Unidad 4: Impugnaci\u00f3n y Efectos<\/strong><\/p>\n<p>&#8211; Recursos<br \/>\n&#8211; Efectos[\/vc_column_text][\/vc_tta_section][vc_tta_section title=&#8221;Metodolog\u00eda&#8221; tab_id=&#8221;metodologia&#8221;][vc_column_text]<\/p>\n<p>Nuestra metodolog\u00eda del Alineamiento Constructivo, basada en la teor\u00eda constructivista del aprendizaje, alinea objetivos, actividades de ense\u00f1anza y evaluaciones con la finalidad de promover un aprendizaje significativo y habilidades de pensamiento cr\u00edtico. Sus beneficios incluyen una estructura clara, participaci\u00f3n activa, relaci\u00f3n de conceptos y autonom\u00eda en el aprendizaje, resultando en un aprendizaje profundo y transferible a situaciones reales.<\/p>\n<p>[\/vc_column_text][\/vc_tta_section][vc_tta_section title=&#8221;Beneficios para la Carrera Funcionaria&#8221; tab_id=&#8221;beneficios-carrera-funcionaria&#8221;][vc_column_text]Dado que la Escuela Nacional de Administraci\u00f3n P\u00fablica &#8211; ENA es una Instituci\u00f3n que se encuentra legalmente registrada por el Servicio Nacional de Capacitaci\u00f3n y Empleo &#8211; SENCE es que esta actividad a desarrollar de manera particular puede ser reconocida en los planes de capacitaci\u00f3n y consecuente con ello en la promoci\u00f3n en especial la acreditaci\u00f3n, las calificaciones, o como requisito de capacitaci\u00f3n para el pago de ciertas asignaciones, en especial en los Servicios de Salud y sus Establecimientos afectos a la Ley de Autoridad Sanitaria.[\/vc_column_text][\/vc_tta_section][vc_tta_section title=&#8221;Descuentos y Facilidades de Pago&#8221; tab_id=&#8221;descuentos&#8221;][vc_column_text]Es posible pagar la actividad mediante Transferencia Electr\u00f3nica o Tarjetas de Cr\u00e9dito, Debito, o Prepago:<\/p>\n<p><strong>1.- Descuento del 40% con Transferencia Electr\u00f3nica:<\/strong><\/p>\n<p>Durante el mes de agosto, al seleccionar la transferencia electr\u00f3nica como m\u00e9todo de pago, obtendr\u00e1s un descuento del 40% sobre el precio total de la actividad.<\/p>\n<p><strong>2.- Descuento del 35% con Tarjeta de Cr\u00e9dito, D\u00e9bito o Prepago:<\/strong><\/p>\n<p>Durante agosto, te ofrecemos un descuento del 35% al pagar en 1 cuota con Tarjeta de Cr\u00e9dito, D\u00e9bito o Prepago.<\/p>\n<p><strong>3.- Pago con Tarjeta de Cr\u00e9dito de 2 a 12 cuotas:<\/strong><\/p>\n<p>Si prefieres mayor flexibilidad en tus pagos, con Tarjeta de Cr\u00e9dito puedes optar por pagar el valor total de la actividad en cuotas mensuales de 2 a 12 meses.[\/vc_column_text][\/vc_tta_section][vc_tta_section title=&#8221;Requisitos T\u00e9cnicos&#8221; tab_id=&#8221;requisitos-tecnico&#8221;][vc_column_text]<\/p>\n<p>Requisitos del equipo y conexi\u00f3n a internet:<br \/>\nPara desarrollar el plan de estudios es necesario contar con un computador de escritorio o notebook con conexi\u00f3n a internet por banda ancha velocidad m\u00ednima 4 Mbps y con una resoluci\u00f3n m\u00ednima de 1.024 x 768 p\u00edxeles. Es recomendable que la CPU tenga como m\u00ednimo 4 GB de memoria RAM y 2 GHz de velocidad de procesador.<\/p>\n<p>Accesorios del Equipo:<br \/>\nEs necesario disponer de altavoces o auriculares.<\/p>\n<p>Navegador de Internet:<br \/>\nRecuerda siempre emplear la \u00faltima versi\u00f3n del navegador de tu preferencia: Safari, Google Chrome, Mozilla Firefox, Microsoft Edge<\/p>\n<p>Si utilizas un equipo con Windows se requiere como m\u00ednimo:<br \/>\nSistema operativo: 10. Navegadores: Chrome, Firefox o Edge.<\/p>\n<p>Si utilizas un Mac se requiere como m\u00ednimo:<br \/>\nSistema operativo: 10.15 (Catalina) o superior. Navegadores: Safari, Chrome o Firefox.<\/p>\n<p>Plugins necesarios para videoconferencia, lectura, colaboraci\u00f3n y trabajo en equipo en tiempo real:<br \/>\nPara la realizaci\u00f3n de reuniones en l\u00ednea (grupos de trabajo) se requiere tener instalado Zoom; Con la finalidad de crear y editar documentos, hojas de c\u00e1lculo, presentaciones, entre otros se requiere tener instalado un paquete ofim\u00e1tico como Microsoft Office, u OpenOffice o LibreOffice; Para poder visualizar archivos en formato PDF se requiere tener instalado Adobe Reader; Para almacenamiento en la nube, colaboraci\u00f3n en tiempo real, Herramientas de edici\u00f3n: Google Drive que incluye herramientas de edici\u00f3n integradas, como Google Docs, Google Sheets y Google Slides&#8221;<\/p>\n<p>[\/vc_column_text][\/vc_tta_section][vc_tta_section title=&#8221;Cl\u00e1usula de requisitos, ajustes y comunicaci\u00f3n de cambios&#8221; tab_id=&#8221;Clausulas&#8221;][vc_column_text]Para que esta actividad pueda llevarse a cabo, se necesita contar con un n\u00famero m\u00ednimo de participantes matriculados. Sin embargo, debido a circunstancias imprevistas, es posible que se realicen ajustes en la programaci\u00f3n, el cuerpo docente o el formato del programa. En caso de que ocurran cambios se informar\u00e1 oportunamente.[\/vc_column_text][\/vc_tta_section][vc_tta_section title=&#8221;Retracto, Retiro y Reembolso por Suspensi\u00f3n del Curso&#8221; tab_id=&#8221;1691261661792-3428a67b-ef0a&#8221;][vc_column_text]Nuestra intenci\u00f3n es brindar una experiencia acad\u00e9mica satisfactoria y flexible para todas y todos nuestros estudiantes. Por eso, hemos establecido tres procedimientos: el de Retracto y Retiro, el de Reembolso por Suspensi\u00f3n del Curso, y de Devoluci\u00f3n, con el objetivo de garantizar una relaci\u00f3n transparente y justa con nuestras y nuestros estudiantes. A continuaci\u00f3n, detallamos los procedimientos y condiciones aplicables a cada caso:<\/p>\n<p><span style=\"text-decoration: underline;\"><strong>1. Pol\u00edtica de Retracto y Retiro<\/strong><\/span><\/p>\n<p><em><strong>&#8211; Retracto:<\/strong><\/em><\/p>\n<p>Cada estudiante tiene la posibilidad de &#8220;retractarse&#8221; de la contrataci\u00f3n del servicio en cualquier momento desde que se matricula hasta antes de que el servicio inicie. Este derecho de retracto no conllevar\u00e1 ning\u00fan costo adicional.<\/p>\n<p><em><strong>&#8211; Retiro:<\/strong><\/em><\/p>\n<p>Si un estudiante desea &#8220;retirarse&#8221; del servicio una vez que este ha iniciado, se considerar\u00e1 una solicitud de &#8220;retiro&#8221;. En este caso, el estudiante deber\u00e1 pagar \u00fanicamente por las clases o servicios recibidos hasta la fecha del retiro. La fecha de recepci\u00f3n de la solicitud de retiro ser\u00e1 crucial para calcular la devoluci\u00f3n correspondiente. Sin embargo, no proceder\u00e1 ninguna devoluci\u00f3n si la solicitud de retiro se presenta una vez que se ha dictado el 25% o m\u00e1s del servicio contratado.<\/p>\n<p><span style=\"text-decoration: underline;\"><strong>2. Pol\u00edtica de Reembolso por Suspensi\u00f3n del Curso<\/strong><\/span><\/p>\n<p>La Escuela Nacional de Administraci\u00f3n P\u00fablica se reserva el derecho de suspender la realizaci\u00f3n del Curso si no cuenta con el m\u00ednimo de alumnos requeridos. En tal caso, se &#8220;reembolsar\u00e1&#8221; la totalidad del dinero pagado a quienes se hayan matriculado.<\/p>\n<p><span style=\"text-decoration: underline;\"><strong>3. Proceso de Devoluci\u00f3n<\/strong><\/span><\/p>\n<p>En el caso de retracto, retiro, o reembolso por suspensi\u00f3n del curso, la devoluci\u00f3n de lo pagado se realizar\u00e1 en un plazo m\u00e1ximo de 10 d\u00edas h\u00e1biles desde la recepci\u00f3n de la solicitud correspondiente. Los dineros pagados se reembolsar\u00e1n mediante transferencia bancaria a la cuenta bancaria (corriente, vista, o de ahorro) proporcionada por cada estudiante.<\/p>\n<p>Si tienes alguna duda o deseas m\u00e1s informaci\u00f3n sobre estos procesos, <em><strong>no dudes en contactarnos<\/strong><\/em>. Estaremos encantados de asistirte.[\/vc_column_text][\/vc_tta_section][vc_tta_section title=&#8221;Contacto&#8221; tab_id=&#8221;contacto&#8221;][vc_column_text]Si tienes consultas, puedes escribirnos\u00a0 a\u00a0 <a href=\"mailto:contacto@ena.cl\">contacto@ena.cl<\/a>[\/vc_column_text][\/vc_tta_section][\/vc_tta_accordion][vc_separator css=&#8221;.vc_custom_1690256808808{padding-top: 10px !important;padding-bottom: 5px !important;}&#8221;][\/vc_column][vc_column width=&#8221;1\/4&#8243; el_class=&#8221;columna_detalle&#8221;][vc_column_text]<\/p>\n<ul>\n<li class=\"fecha_inicio\"><strong>Fecha de inicio:<\/strong><br \/>\n28 agosto al 12 septiembre<\/li>\n<li class=\"fecha_inicio\"><strong>Valor<br \/>\n<\/strong><del>$145.989<\/del><\/li>\n<li class=\"fecha_inicio\"><strong>Descuento 40%<br \/>\n<\/strong>$87.593<br \/>\n<strong><em>Pago\u00a0 con transferencia electr\u00f3nica, d\u00e9bito o cr\u00e9dito hasta 12 cuotas<\/em><\/strong><\/li>\n<\/ul>\n<p>[\/vc_column_text][vc_btn title=&#8221;Matric\u00falate aqu\u00ed&#8221; color=&#8221;white&#8221; link=&#8221;url:https%3A%2F%2Fena.cl%2F%3Fadd-to-cart%3D4124|||&#8221; el_class=&#8221;btn_carro_compra&#8221;][\/vc_column][\/vc_row]<\/p>\n<\/div>","protected":false},"excerpt":{"rendered":"<p><strong>Modalidad Online Asincr\u00f3nica <br \/>36 Horas Pedag\u00f3gicas<\/strong><br \/>\nEste curso tiene como finalidad analizar los aspectos te\u00f3ricos y pr\u00e1cticos concernientes al Sistema Calificatorio del personal que se desempe\u00f1a en la Administraci\u00f3n P\u00fablica&#8230;<\/p>\n","protected":false},"author":1,"featured_media":4501,"comment_status":"closed","ping_status":"closed","sticky":false,"template":"","format":"standard","meta":{"footnotes":""},"categories":[40],"tags":[],"class_list":["post-4269","post","type-post","status-publish","format-standard","has-post-thumbnail","hentry","category-cursos-abiertos","category-40","description-off"],"_links":{"self":[{"href":"https:\/\/ena.cl\/index.php?rest_route=\/wp\/v2\/posts\/4269","targetHints":{"allow":["GET"]}}],"collection":[{"href":"https:\/\/ena.cl\/index.php?rest_route=\/wp\/v2\/posts"}],"about":[{"href":"https:\/\/ena.cl\/index.php?rest_route=\/wp\/v2\/types\/post"}],"author":[{"embeddable":true,"href":"https:\/\/ena.cl\/index.php?rest_route=\/wp\/v2\/users\/1"}],"replies":[{"embeddable":true,"href":"https:\/\/ena.cl\/index.php?rest_route=%2Fwp%2Fv2%2Fcomments&post=4269"}],"version-history":[{"count":40,"href":"https:\/\/ena.cl\/index.php?rest_route=\/wp\/v2\/posts\/4269\/revisions"}],"predecessor-version":[{"id":4273,"href":"https:\/\/ena.cl\/index.php?rest_route=\/wp\/v2\/posts\/4269\/revisions\/4273"}],"wp:featuredmedia":[{"embeddable":true,"href":"https:\/\/ena.cl\/index.php?rest_route=\/wp\/v2\/media\/4501"}],"wp:attachment":[{"href":"https:\/\/ena.cl\/index.php?rest_route=%2Fwp%2Fv2%2Fmedia&parent=4269"}],"wp:term":[{"taxonomy":"category","embeddable":true,"href":"https:\/\/ena.cl\/index.php?rest_route=%2Fwp%2Fv2%2Fcategories&post=4269"},{"taxonomy":"post_tag","embeddable":true,"href":"https:\/\/ena.cl\/index.php?rest_route=%2Fwp%2Fv2%2Ftags&post=4269"}],"curies":[{"name":"wp","href":"https:\/\/api.w.org\/{rel}","templated":true}]}}