{"id":4114,"date":"2023-06-27T23:31:07","date_gmt":"2023-06-28T03:31:07","guid":{"rendered":"https:\/\/ena.cl\/remuneraciones-para-el-sector-publico-en-salud-copy\/"},"modified":"2023-06-27T23:36:02","modified_gmt":"2023-06-28T03:36:02","slug":"ley-de-proteccion-de-datos-de-caracter-personal","status":"publish","type":"post","link":"https:\/\/ena.cl\/?p=4114","title":{"rendered":"Ley de Protecci\u00f3n de Datos de Car\u00e1cter Personal"},"content":{"rendered":"<p><span dir=\"ltr\" role=\"presentation\"><img loading=\"lazy\" decoding=\"async\" class=\"alignleft size-full wp-image-4117\" src=\"https:\/\/ena.cl\/wp-content\/uploads\/2023\/06\/proteccion-de-datos1.png\" alt=\"\" width=\"350\" height=\"263\" srcset=\"https:\/\/ena.cl\/wp-content\/uploads\/2023\/06\/proteccion-de-datos1.png 350w, https:\/\/ena.cl\/wp-content\/uploads\/2023\/06\/proteccion-de-datos1-300x225.png 300w\" sizes=\"auto, (max-width: 350px) 100vw, 350px\" \/>En este curso<\/span><span dir=\"ltr\" role=\"presentation\">,<\/span> <span dir=\"ltr\" role=\"presentation\">los<\/span> <span dir=\"ltr\" role=\"presentation\">alumnos del Hospital Santa Barbara los participantes, sobre la base del estudio de casos pr\u00e1cticos, conocieron y comprendieron los alcances de la regulaci\u00f3n ordinaria y especial en materia de protecci\u00f3n de datos personales, as\u00ed como de los principales problemas en materia del tratamiento de la informaci\u00f3n en las acciones vinculadas a la atenci\u00f3n de salud.<br \/>\n<\/span><\/p>\n<p>La actividad se desarroll\u00f3\u00a0 desde el 29 de mayo\u00a0 hasta 11 de junio\u00a0 en nuestro aula virtual.<\/p>\n<p>Si necesitas m\u00e1s informaci\u00f3n de este curso, <a href=\"https:\/\/ena.cl\/brochure\/\">revisa nuestra oferta acad\u00e9mica<\/a><\/p>\n<div id=\"simple-translate\" class=\"simple-translate-system-theme\">\n<div>\n<div class=\"simple-translate-button isShow\" style=\"height: 22px; width: 22px;\"><\/div>\n<div class=\"simple-translate-panel \" style=\"width: 300px; height: 200px; font-size: 13px;\">\n<div class=\"simple-translate-result-wrapper\" style=\"overflow: hidden;\">\n<div class=\"simple-translate-move\"><\/div>\n<div class=\"simple-translate-result-contents\">\n<p class=\"simple-translate-candidate\" dir=\"auto\">\n<\/div>\n<\/div>\n<\/div>\n<\/div>\n<\/div>\n","protected":false},"excerpt":{"rendered":"<p>En este curso, los alumnos  conocieron y comprendieron los alcances de la regulaci\u00f3n ordinaria y especial en materia de protecci\u00f3n de datos personales, as\u00ed como de los principales problemas en materia del tratamiento de la informaci\u00f3n en las acciones vinculadas a la atenci\u00f3n de salud.<\/p>\n","protected":false},"author":1,"featured_media":4117,"comment_status":"closed","ping_status":"closed","sticky":false,"template":"","format":"standard","meta":{"footnotes":""},"categories":[2,15],"tags":[],"class_list":["post-4114","post","type-post","status-publish","format-standard","has-post-thumbnail","hentry","category-noticias","category-ultimos-cursos","category-2","category-15","description-off"],"_links":{"self":[{"href":"https:\/\/ena.cl\/index.php?rest_route=\/wp\/v2\/posts\/4114","targetHints":{"allow":["GET"]}}],"collection":[{"href":"https:\/\/ena.cl\/index.php?rest_route=\/wp\/v2\/posts"}],"about":[{"href":"https:\/\/ena.cl\/index.php?rest_route=\/wp\/v2\/types\/post"}],"author":[{"embeddable":true,"href":"https:\/\/ena.cl\/index.php?rest_route=\/wp\/v2\/users\/1"}],"replies":[{"embeddable":true,"href":"https:\/\/ena.cl\/index.php?rest_route=%2Fwp%2Fv2%2Fcomments&post=4114"}],"version-history":[{"count":2,"href":"https:\/\/ena.cl\/index.php?rest_route=\/wp\/v2\/posts\/4114\/revisions"}],"predecessor-version":[{"id":4118,"href":"https:\/\/ena.cl\/index.php?rest_route=\/wp\/v2\/posts\/4114\/revisions\/4118"}],"wp:featuredmedia":[{"embeddable":true,"href":"https:\/\/ena.cl\/index.php?rest_route=\/wp\/v2\/media\/4117"}],"wp:attachment":[{"href":"https:\/\/ena.cl\/index.php?rest_route=%2Fwp%2Fv2%2Fmedia&parent=4114"}],"wp:term":[{"taxonomy":"category","embeddable":true,"href":"https:\/\/ena.cl\/index.php?rest_route=%2Fwp%2Fv2%2Fcategories&post=4114"},{"taxonomy":"post_tag","embeddable":true,"href":"https:\/\/ena.cl\/index.php?rest_route=%2Fwp%2Fv2%2Ftags&post=4114"}],"curies":[{"name":"wp","href":"https:\/\/api.w.org\/{rel}","templated":true}]}}