{"id":4102,"date":"2023-06-27T22:59:01","date_gmt":"2023-06-28T02:59:01","guid":{"rendered":"https:\/\/ena.cl\/violencia-de-genero-derechos-humanos-y-salud-hospital-ernesto-torres-galdames-de-iquique-copy\/"},"modified":"2023-06-27T23:04:05","modified_gmt":"2023-06-28T03:04:05","slug":"responsabilidad-administrativa-sumario-administrativo-e-investigacion-sumaria","status":"publish","type":"post","link":"https:\/\/ena.cl\/?p=4102","title":{"rendered":"Responsabilidad Administrativa: Sumario administrativo e investigaci\u00f3n sumaria"},"content":{"rendered":"<p><span dir=\"ltr\" role=\"presentation\"><img loading=\"lazy\" decoding=\"async\" class=\"alignleft size-full wp-image-4103\" src=\"https:\/\/ena.cl\/wp-content\/uploads\/2023\/06\/SEE.png\" alt=\"\" width=\"350\" height=\"263\" srcset=\"https:\/\/ena.cl\/wp-content\/uploads\/2023\/06\/SEE.png 350w, https:\/\/ena.cl\/wp-content\/uploads\/2023\/06\/SEE-300x225.png 300w\" sizes=\"auto, (max-width: 350px) 100vw, 350px\" \/>En este curso<\/span><span dir=\"ltr\" role=\"presentation\">,<\/span> <span dir=\"ltr\" role=\"presentation\">los<\/span> <span dir=\"ltr\" role=\"presentation\">alumnos de la Superintendencia de Educaci\u00f3n Escolar , conocieron como<\/span> aplicar las normas vigentes, los conceptos legales y pr\u00e1cticos del procedimiento disciplinario administrativo, su sentido y alcance de los diferentes contenidos, las obligaciones y prohibiciones estatutarias en su calidad de funcionarios(a s) p\u00fablicos en el marco de la Ley 18.834, llegando a comprender su importancia en la gesti\u00f3n p\u00fablica.<\/p>\n<p>La actividad se desarroll\u00f3\u00a0 desde el 15 de mayo\u00a0 hasta 16 de junio\u00a0 en nuestro aula virtual.<\/p>\n<p>Si necesitas m\u00e1s informaci\u00f3n de este curso, <a href=\"https:\/\/ena.cl\/brochure\/\">revisa nuestra oferta acad\u00e9mica<\/a><\/p>\n<div id=\"simple-translate\" class=\"simple-translate-system-theme\">\n<div>\n<div class=\"simple-translate-button isShow\" style=\"height: 22px; width: 22px;\"><\/div>\n<div class=\"simple-translate-panel \" style=\"width: 300px; height: 200px; font-size: 13px;\">\n<div class=\"simple-translate-result-wrapper\" style=\"overflow: hidden;\">\n<div class=\"simple-translate-move\"><\/div>\n<div class=\"simple-translate-result-contents\">\n<p class=\"simple-translate-candidate\" dir=\"auto\">\n<\/div>\n<\/div>\n<\/div>\n<\/div>\n<\/div>\n","protected":false},"excerpt":{"rendered":"<p>En este curso, los alumnos de la Superintendencia de Educaci\u00f3n Escolar , conocieron como aplicar las normas vigentes, los conceptos legales y pr\u00e1cticos del procedimiento disciplinario administrativo, su sentido y alcance&#8230;<\/p>\n","protected":false},"author":1,"featured_media":4103,"comment_status":"closed","ping_status":"closed","sticky":false,"template":"","format":"standard","meta":{"footnotes":""},"categories":[2,15],"tags":[],"class_list":["post-4102","post","type-post","status-publish","format-standard","has-post-thumbnail","hentry","category-noticias","category-ultimos-cursos","category-2","category-15","description-off"],"_links":{"self":[{"href":"https:\/\/ena.cl\/index.php?rest_route=\/wp\/v2\/posts\/4102","targetHints":{"allow":["GET"]}}],"collection":[{"href":"https:\/\/ena.cl\/index.php?rest_route=\/wp\/v2\/posts"}],"about":[{"href":"https:\/\/ena.cl\/index.php?rest_route=\/wp\/v2\/types\/post"}],"author":[{"embeddable":true,"href":"https:\/\/ena.cl\/index.php?rest_route=\/wp\/v2\/users\/1"}],"replies":[{"embeddable":true,"href":"https:\/\/ena.cl\/index.php?rest_route=%2Fwp%2Fv2%2Fcomments&post=4102"}],"version-history":[{"count":2,"href":"https:\/\/ena.cl\/index.php?rest_route=\/wp\/v2\/posts\/4102\/revisions"}],"predecessor-version":[{"id":4105,"href":"https:\/\/ena.cl\/index.php?rest_route=\/wp\/v2\/posts\/4102\/revisions\/4105"}],"wp:featuredmedia":[{"embeddable":true,"href":"https:\/\/ena.cl\/index.php?rest_route=\/wp\/v2\/media\/4103"}],"wp:attachment":[{"href":"https:\/\/ena.cl\/index.php?rest_route=%2Fwp%2Fv2%2Fmedia&parent=4102"}],"wp:term":[{"taxonomy":"category","embeddable":true,"href":"https:\/\/ena.cl\/index.php?rest_route=%2Fwp%2Fv2%2Fcategories&post=4102"},{"taxonomy":"post_tag","embeddable":true,"href":"https:\/\/ena.cl\/index.php?rest_route=%2Fwp%2Fv2%2Ftags&post=4102"}],"curies":[{"name":"wp","href":"https:\/\/api.w.org\/{rel}","templated":true}]}}