{"id":4090,"date":"2023-05-29T11:31:37","date_gmt":"2023-05-29T15:31:37","guid":{"rendered":"https:\/\/ena.cl\/conciliacion-personal-familiar-y-laboral-en-el-sector-salud-equilibrio-vida-trabajo-familia-copy\/"},"modified":"2023-05-29T11:36:19","modified_gmt":"2023-05-29T15:36:19","slug":"violencia-de-genero-derechos-humanos-y-salud-hospital-ernesto-torres-galdames-de-iquique","status":"publish","type":"post","link":"https:\/\/ena.cl\/?p=4090","title":{"rendered":"Violencia de G\u00e9nero, Derechos Humanos y Salud, Hospital Ernesto Torres Galdames de Iquique"},"content":{"rendered":"<p><span dir=\"ltr\" role=\"presentation\"><img loading=\"lazy\" decoding=\"async\" class=\"alignleft size-full wp-image-4092\" src=\"https:\/\/ena.cl\/wp-content\/uploads\/2023\/05\/hospital-iquique-genero1.png\" alt=\"\" width=\"350\" height=\"263\" srcset=\"https:\/\/ena.cl\/wp-content\/uploads\/2023\/05\/hospital-iquique-genero1.png 350w, https:\/\/ena.cl\/wp-content\/uploads\/2023\/05\/hospital-iquique-genero1-300x225.png 300w\" sizes=\"auto, (max-width: 350px) 100vw, 350px\" \/>En este curso<\/span><span dir=\"ltr\" role=\"presentation\">,<\/span> <span dir=\"ltr\" role=\"presentation\">los<\/span> <span dir=\"ltr\" role=\"presentation\">alumnos del Hospital Ernesto Torres Galdames de Iquique, desarrollaron<\/span><span dir=\"ltr\" role=\"presentation\"> competencias, tanto a nivel de conocimientos, <\/span><span dir=\"ltr\" role=\"presentation\">habilidades y valores, relativas a la comprensi\u00f3n de la violencia de g\u00e9nero en el <\/span><span dir=\"ltr\" role=\"presentation\">curso de la vida desde la perspectiva de los derechos humanos y la salud p\u00fablica, <\/span><span dir=\"ltr\" role=\"presentation\">en funcionarios y funcionari<\/span><span dir=\"ltr\" role=\"presentation\">as de instituciones del Estado, con la finalidad de <\/span><span dir=\"ltr\" role=\"presentation\">incorporar metodolog\u00edas de intervenci\u00f3n en sus \u00e1reas de desempe\u00f1o laboral<\/span><span dir=\"ltr\" role=\"presentation\">.<\/span><\/p>\n<p>La actividad se desarroll\u00f3\u00a0 desde el 8 hasta 22 de mayo en nuestro aula virtual.<\/p>\n<p>Si necesitas m\u00e1s informaci\u00f3n de este curso, <a href=\"https:\/\/ena.cl\/programas\/\">revisa nuestra oferta acad\u00e9mica<\/a><\/p>\n<div id=\"simple-translate\" class=\"simple-translate-system-theme\">\n<div>\n<div class=\"simple-translate-button isShow\" style=\"height: 22px; width: 22px;\"><\/div>\n<div class=\"simple-translate-panel \" style=\"width: 300px; height: 200px; font-size: 13px;\">\n<div class=\"simple-translate-result-wrapper\" style=\"overflow: hidden;\">\n<div class=\"simple-translate-move\"><\/div>\n<div class=\"simple-translate-result-contents\">\n<p class=\"simple-translate-candidate\" dir=\"auto\">\n<\/div>\n<\/div>\n<\/div>\n<\/div>\n<\/div>\n","protected":false},"excerpt":{"rendered":"<p>En este curso los alumnos desarrollaron competencias relativas a la comprensi\u00f3n de la violencia de g\u00e9nero en el curso de la vida desde la perspectiva de los derechos humanos y la salud p\u00fablica, en funcionarios y funcionarias de instituciones del Estado.<\/p>\n","protected":false},"author":1,"featured_media":4092,"comment_status":"closed","ping_status":"closed","sticky":false,"template":"","format":"standard","meta":{"footnotes":""},"categories":[2,15],"tags":[],"class_list":["post-4090","post","type-post","status-publish","format-standard","has-post-thumbnail","hentry","category-noticias","category-ultimos-cursos","category-2","category-15","description-off"],"_links":{"self":[{"href":"https:\/\/ena.cl\/index.php?rest_route=\/wp\/v2\/posts\/4090","targetHints":{"allow":["GET"]}}],"collection":[{"href":"https:\/\/ena.cl\/index.php?rest_route=\/wp\/v2\/posts"}],"about":[{"href":"https:\/\/ena.cl\/index.php?rest_route=\/wp\/v2\/types\/post"}],"author":[{"embeddable":true,"href":"https:\/\/ena.cl\/index.php?rest_route=\/wp\/v2\/users\/1"}],"replies":[{"embeddable":true,"href":"https:\/\/ena.cl\/index.php?rest_route=%2Fwp%2Fv2%2Fcomments&post=4090"}],"version-history":[{"count":2,"href":"https:\/\/ena.cl\/index.php?rest_route=\/wp\/v2\/posts\/4090\/revisions"}],"predecessor-version":[{"id":4093,"href":"https:\/\/ena.cl\/index.php?rest_route=\/wp\/v2\/posts\/4090\/revisions\/4093"}],"wp:featuredmedia":[{"embeddable":true,"href":"https:\/\/ena.cl\/index.php?rest_route=\/wp\/v2\/media\/4092"}],"wp:attachment":[{"href":"https:\/\/ena.cl\/index.php?rest_route=%2Fwp%2Fv2%2Fmedia&parent=4090"}],"wp:term":[{"taxonomy":"category","embeddable":true,"href":"https:\/\/ena.cl\/index.php?rest_route=%2Fwp%2Fv2%2Fcategories&post=4090"},{"taxonomy":"post_tag","embeddable":true,"href":"https:\/\/ena.cl\/index.php?rest_route=%2Fwp%2Fv2%2Ftags&post=4090"}],"curies":[{"name":"wp","href":"https:\/\/api.w.org\/{rel}","templated":true}]}}