{"id":4085,"date":"2023-05-22T09:43:33","date_gmt":"2023-05-22T13:43:33","guid":{"rendered":"https:\/\/ena.cl\/curso-de-etica-probidad-y-transparencia-administrativa-hospital-provincial-de-huasco-copy\/"},"modified":"2023-05-22T09:57:52","modified_gmt":"2023-05-22T13:57:52","slug":"conciliacion-personal-familiar-y-laboral-en-el-sector-salud-equilibrio-vida-trabajo-familia","status":"publish","type":"post","link":"https:\/\/ena.cl\/?p=4085","title":{"rendered":"Conciliaci\u00f3n Personal, Familiar y Laboral en el Sector Salud: Equilibrio Vida, Trabajo, Familia"},"content":{"rendered":"<p><img loading=\"lazy\" decoding=\"async\" class=\"alignleft size-full wp-image-4087\" src=\"https:\/\/ena.cl\/wp-content\/uploads\/2023\/05\/conciliacion-laboral.png\" alt=\"\" width=\"350\" height=\"263\" srcset=\"https:\/\/ena.cl\/wp-content\/uploads\/2023\/05\/conciliacion-laboral.png 350w, https:\/\/ena.cl\/wp-content\/uploads\/2023\/05\/conciliacion-laboral-300x225.png 300w\" sizes=\"auto, (max-width: 350px) 100vw, 350px\" \/><span dir=\"ltr\" role=\"presentation\">En este curso<\/span><span dir=\"ltr\" role=\"presentation\">,<\/span> <span dir=\"ltr\" role=\"presentation\">los<\/span> <span dir=\"ltr\" role=\"presentation\">alumnos del Hospital\u00a0 CRS El Pino, aprendieron estrategias para\u00a0<\/span><span dir=\"ltr\" role=\"presentation\"> conciliar las responsabilidades laborales con las <\/span><span dir=\"ltr\" role=\"presentation\">obligaciones familiares con el fin de comprometer, motivar, desarrollar y mejorar el <\/span><span dir=\"ltr\" role=\"presentation\">desempe\u00f1o de las perso<\/span><span dir=\"ltr\" role=\"presentation\">nas que en la organizaci\u00f3n trabajan a trav\u00e9s de la creaci\u00f3n y <\/span><span dir=\"ltr\" role=\"presentation\">aplicaci\u00f3n del Protocolo de Conciliaci\u00f3n de la vida personal y familiar con el trabajo <\/span><span dir=\"ltr\" role=\"presentation\">exigido por la Direcci\u00f3n Nacional del Servicio Civil<\/span><span dir=\"ltr\" role=\"presentation\">.<\/span><\/p>\n<p>La actividad se desarroll\u00f3\u00a0 desde el 3 hasta 28 de abril en nuestro aula virtual.<\/p>\n<p>Si necesitas m\u00e1s informaci\u00f3n de este curso, <a href=\"https:\/\/ena.cl\/programas\/\">revisa nuestra oferta acad\u00e9mica<\/a><\/p>\n<div id=\"simple-translate\" class=\"simple-translate-system-theme\">\n<div>\n<div class=\"simple-translate-button isShow\" style=\"height: 22px; width: 22px;\"><\/div>\n<div class=\"simple-translate-panel \" style=\"width: 300px; height: 200px; font-size: 13px;\">\n<div class=\"simple-translate-result-wrapper\" style=\"overflow: hidden;\">\n<div class=\"simple-translate-move\"><\/div>\n<div class=\"simple-translate-result-contents\">\n<p class=\"simple-translate-candidate\" dir=\"auto\">\n<\/div>\n<\/div>\n<\/div>\n<\/div>\n<\/div>\n","protected":false},"excerpt":{"rendered":"<p>En este curso los alumnos aprendieron estrategias para\u00a0 conciliar las responsabilidades laborales con las obligaciones familiares con el fin de comprometer, motivar, desarrollar y mejorar el desempe\u00f1o de las personas que en la organizaci\u00f3n.<\/p>\n","protected":false},"author":1,"featured_media":4087,"comment_status":"closed","ping_status":"closed","sticky":false,"template":"","format":"standard","meta":{"footnotes":""},"categories":[2,15],"tags":[],"class_list":["post-4085","post","type-post","status-publish","format-standard","has-post-thumbnail","hentry","category-noticias","category-ultimos-cursos","category-2","category-15","description-off"],"_links":{"self":[{"href":"https:\/\/ena.cl\/index.php?rest_route=\/wp\/v2\/posts\/4085","targetHints":{"allow":["GET"]}}],"collection":[{"href":"https:\/\/ena.cl\/index.php?rest_route=\/wp\/v2\/posts"}],"about":[{"href":"https:\/\/ena.cl\/index.php?rest_route=\/wp\/v2\/types\/post"}],"author":[{"embeddable":true,"href":"https:\/\/ena.cl\/index.php?rest_route=\/wp\/v2\/users\/1"}],"replies":[{"embeddable":true,"href":"https:\/\/ena.cl\/index.php?rest_route=%2Fwp%2Fv2%2Fcomments&post=4085"}],"version-history":[{"count":2,"href":"https:\/\/ena.cl\/index.php?rest_route=\/wp\/v2\/posts\/4085\/revisions"}],"predecessor-version":[{"id":4088,"href":"https:\/\/ena.cl\/index.php?rest_route=\/wp\/v2\/posts\/4085\/revisions\/4088"}],"wp:featuredmedia":[{"embeddable":true,"href":"https:\/\/ena.cl\/index.php?rest_route=\/wp\/v2\/media\/4087"}],"wp:attachment":[{"href":"https:\/\/ena.cl\/index.php?rest_route=%2Fwp%2Fv2%2Fmedia&parent=4085"}],"wp:term":[{"taxonomy":"category","embeddable":true,"href":"https:\/\/ena.cl\/index.php?rest_route=%2Fwp%2Fv2%2Fcategories&post=4085"},{"taxonomy":"post_tag","embeddable":true,"href":"https:\/\/ena.cl\/index.php?rest_route=%2Fwp%2Fv2%2Ftags&post=4085"}],"curies":[{"name":"wp","href":"https:\/\/api.w.org\/{rel}","templated":true}]}}