{"id":3974,"date":"2023-03-15T16:44:01","date_gmt":"2023-03-15T19:44:01","guid":{"rendered":"https:\/\/ena.cl\/responsabilidad-administrativa-y-potestad-disciplinaria-de-la-autoridadservicio-de-salud-antofagasta-copy\/"},"modified":"2023-04-21T17:11:43","modified_gmt":"2023-04-21T21:11:43","slug":"codigo-de-las-buenas-practicas-laborales-hospital-juan-noe-crevani-de-arica","status":"publish","type":"post","link":"https:\/\/ena.cl\/?p=3974","title":{"rendered":"C\u00f3digo de las Buenas Pr\u00e1cticas Laborales, Hospital Juan No\u00e9 Crevani de Arica"},"content":{"rendered":"<p><img loading=\"lazy\" decoding=\"async\" class=\"alignleft size-full wp-image-3975\" src=\"https:\/\/ena.cl\/wp-content\/uploads\/2023\/03\/buenas-practicas-laborales.hospitalarica.jpg\" alt=\"\" width=\"350\" height=\"263\" srcset=\"https:\/\/ena.cl\/wp-content\/uploads\/2023\/03\/buenas-practicas-laborales.hospitalarica.jpg 350w, https:\/\/ena.cl\/wp-content\/uploads\/2023\/03\/buenas-practicas-laborales.hospitalarica-300x225.jpg 300w\" sizes=\"auto, (max-width: 350px) 100vw, 350px\" \/>En este curso los alumnos <span dir=\"ltr\" role=\"presentation\">adquirieron<\/span> <span dir=\"ltr\" role=\"presentation\">las habilidades para el dise\u00f1o de una Propuesta de <\/span><span dir=\"ltr\" role=\"presentation\">Pol\u00edtica sobre Buenas Pr\u00e1cticas Laborales que promueva los valores de democracia,<\/span><span dir=\"ltr\" role=\"presentation\">trabajo decente, equidad, respeto irrestricto y promoci\u00f3n de los derechos humanos <\/span><span dir=\"ltr\" role=\"presentation\">y<\/span> <span dir=\"ltr\" role=\"presentation\">laborales,<\/span> <span dir=\"ltr\" role=\"presentation\">velando<\/span> <span dir=\"ltr\" role=\"presentation\">por<\/span> <span dir=\"ltr\" role=\"presentation\">elimin<\/span><span dir=\"ltr\" role=\"presentation\">ar<\/span> <span dir=\"ltr\" role=\"presentation\">todo<\/span> <span dir=\"ltr\" role=\"presentation\">trato<\/span> <span dir=\"ltr\" role=\"presentation\">prepotente,<\/span> <span dir=\"ltr\" role=\"presentation\">irrespetuoso<\/span> <span dir=\"ltr\" role=\"presentation\">y <\/span><span dir=\"ltr\" role=\"presentation\">discriminatorio en el Hospital Juan No\u00e9 Crevani.<\/span><\/p>\n<p>La actividad se desarroll\u00f3\u00a0 desde el 27 de febrero hasta 17 de marzo en nuestro aula virtual.<\/p>\n<p>Si necesitas m\u00e1s informaci\u00f3n de este curso, <a href=\"https:\/\/ena.cl\/cursos\/codigo-de-buenas-practicas-laborales\/\">revisa nuestra oferta acad\u00e9mica<\/a><\/p>\n<div id=\"simple-translate\" class=\"simple-translate-system-theme\">\n<div>\n<div class=\"simple-translate-button isShow\" style=\"background-image: url('moz-extension:\/\/a393a9f5-6c22-4fd7-b11b-bc41e8475fd9\/icons\/512.png'); height: 22px; width: 22px; top: 121px; left: 725px;\"><\/div>\n<div class=\"simple-translate-panel \" style=\"width: 300px; height: 200px; top: 0px; left: 0px; font-size: 13px;\">\n<div class=\"simple-translate-result-wrapper\" style=\"overflow: hidden;\">\n<div class=\"simple-translate-move\" draggable=\"true\"><\/div>\n<div class=\"simple-translate-result-contents\">\n<p class=\"simple-translate-result\" dir=\"auto\">\n<p class=\"simple-translate-candidate\" dir=\"auto\">\n<\/div>\n<\/div>\n<\/div>\n<\/div>\n<\/div>\n","protected":false},"excerpt":{"rendered":"<p>En este curso los alumnos adquirieron las habilidades para el dise\u00f1o de una Propuesta de Pol\u00edtica sobre Buenas Pr\u00e1cticas Laborales que promueva los valores de democracia,trabajo decente, equidad y promoci\u00f3n de los derechos humanos y laborales..<\/p>\n","protected":false},"author":1,"featured_media":3975,"comment_status":"closed","ping_status":"closed","sticky":false,"template":"","format":"standard","meta":{"footnotes":""},"categories":[2,15],"tags":[],"class_list":["post-3974","post","type-post","status-publish","format-standard","has-post-thumbnail","hentry","category-noticias","category-ultimos-cursos","category-2","category-15","description-off"],"_links":{"self":[{"href":"https:\/\/ena.cl\/index.php?rest_route=\/wp\/v2\/posts\/3974","targetHints":{"allow":["GET"]}}],"collection":[{"href":"https:\/\/ena.cl\/index.php?rest_route=\/wp\/v2\/posts"}],"about":[{"href":"https:\/\/ena.cl\/index.php?rest_route=\/wp\/v2\/types\/post"}],"author":[{"embeddable":true,"href":"https:\/\/ena.cl\/index.php?rest_route=\/wp\/v2\/users\/1"}],"replies":[{"embeddable":true,"href":"https:\/\/ena.cl\/index.php?rest_route=%2Fwp%2Fv2%2Fcomments&post=3974"}],"version-history":[{"count":2,"href":"https:\/\/ena.cl\/index.php?rest_route=\/wp\/v2\/posts\/3974\/revisions"}],"predecessor-version":[{"id":3977,"href":"https:\/\/ena.cl\/index.php?rest_route=\/wp\/v2\/posts\/3974\/revisions\/3977"}],"wp:featuredmedia":[{"embeddable":true,"href":"https:\/\/ena.cl\/index.php?rest_route=\/wp\/v2\/media\/3975"}],"wp:attachment":[{"href":"https:\/\/ena.cl\/index.php?rest_route=%2Fwp%2Fv2%2Fmedia&parent=3974"}],"wp:term":[{"taxonomy":"category","embeddable":true,"href":"https:\/\/ena.cl\/index.php?rest_route=%2Fwp%2Fv2%2Fcategories&post=3974"},{"taxonomy":"post_tag","embeddable":true,"href":"https:\/\/ena.cl\/index.php?rest_route=%2Fwp%2Fv2%2Ftags&post=3974"}],"curies":[{"name":"wp","href":"https:\/\/api.w.org\/{rel}","templated":true}]}}