{"id":3636,"date":"2023-01-27T22:34:24","date_gmt":"2023-01-28T01:34:24","guid":{"rendered":"https:\/\/ena.cl\/acto-y-procedimiento-administrativo-regulado-en-la-ley-19-880-copy\/"},"modified":"2023-03-15T11:39:48","modified_gmt":"2023-03-15T14:39:48","slug":"derecho-fundamental-en-el-trabajo","status":"publish","type":"post","link":"https:\/\/ena.cl\/?p=3636","title":{"rendered":"Derecho Fundamental en el Trabajo, Centro Oncol\u00f3gico del Norte."},"content":{"rendered":"<p><img loading=\"lazy\" decoding=\"async\" class=\"alignleft size-full wp-image-3638\" src=\"https:\/\/ena.cl\/wp-content\/uploads\/2023\/01\/Procedimientos-administrativos.png\" alt=\"\" width=\"350\" height=\"263\" srcset=\"https:\/\/ena.cl\/wp-content\/uploads\/2023\/01\/Procedimientos-administrativos.png 350w, https:\/\/ena.cl\/wp-content\/uploads\/2023\/01\/Procedimientos-administrativos-300x225.png 300w\" sizes=\"auto, (max-width: 350px) 100vw, 350px\" \/><\/p>\n<p>El objetivo del curso fue que las y los participantes conocieran y comprendieran el r\u00e9gimen de deberes, derechos y responsabilidades, que el ejercicio de la Funci\u00f3n P\u00fablica les impone con miras a garantizar el inter\u00e9s general, a partir del estudio del marco jur\u00eddico vigente, su jurisprudencia m\u00e1s relevante, y las pol\u00edticas de nuevo trato y buenas pr\u00e1cticas laborales propias del proceso modernizador del Estado.<\/p>\n<p>La actividad se desarroll\u00f3\u00a0 desde el 5 hasta el 20 de diciembre en nuestro aula virtual.<\/p>\n<p>Si necesitas m\u00e1s informaci\u00f3n de este curso, <a href=\"https:\/\/ena.cl\/programa\/\">revisa nuestra oferta acad\u00e9mica<\/a><\/p>\n<div id=\"simple-translate\" class=\"simple-translate-system-theme\">\n<div>\n<div class=\"simple-translate-button isShow\" style=\"background-image: url('moz-extension:\/\/a393a9f5-6c22-4fd7-b11b-bc41e8475fd9\/icons\/512.png'); height: 22px; width: 22px; top: 39px; left: 381px;\"><\/div>\n<div class=\"simple-translate-panel \" style=\"width: 300px; height: 200px; top: 0px; left: 0px; font-size: 13px;\">\n<div class=\"simple-translate-result-wrapper\" style=\"overflow: hidden;\">\n<div class=\"simple-translate-move\" draggable=\"true\"><\/div>\n<div class=\"simple-translate-result-contents\">\n<p class=\"simple-translate-result\" dir=\"auto\">\n<p class=\"simple-translate-candidate\" dir=\"auto\">\n<\/div>\n<\/div>\n<\/div>\n<\/div>\n<\/div>\n","protected":false},"excerpt":{"rendered":"<p>El objetivo del curso fue que las y los participantes conocieran y comprendieran el r\u00e9gimen de deberes, derechos y responsabilidades, que el ejercicio de la Funci\u00f3n P\u00fablica les impone con miras a garantizar el inter\u00e9s general.<\/p>\n","protected":false},"author":1,"featured_media":3638,"comment_status":"closed","ping_status":"closed","sticky":false,"template":"","format":"standard","meta":{"footnotes":""},"categories":[2,15],"tags":[],"class_list":["post-3636","post","type-post","status-publish","format-standard","has-post-thumbnail","hentry","category-noticias","category-ultimos-cursos","category-2","category-15","description-off"],"_links":{"self":[{"href":"https:\/\/ena.cl\/index.php?rest_route=\/wp\/v2\/posts\/3636","targetHints":{"allow":["GET"]}}],"collection":[{"href":"https:\/\/ena.cl\/index.php?rest_route=\/wp\/v2\/posts"}],"about":[{"href":"https:\/\/ena.cl\/index.php?rest_route=\/wp\/v2\/types\/post"}],"author":[{"embeddable":true,"href":"https:\/\/ena.cl\/index.php?rest_route=\/wp\/v2\/users\/1"}],"replies":[{"embeddable":true,"href":"https:\/\/ena.cl\/index.php?rest_route=%2Fwp%2Fv2%2Fcomments&post=3636"}],"version-history":[{"count":6,"href":"https:\/\/ena.cl\/index.php?rest_route=\/wp\/v2\/posts\/3636\/revisions"}],"predecessor-version":[{"id":3960,"href":"https:\/\/ena.cl\/index.php?rest_route=\/wp\/v2\/posts\/3636\/revisions\/3960"}],"wp:featuredmedia":[{"embeddable":true,"href":"https:\/\/ena.cl\/index.php?rest_route=\/wp\/v2\/media\/3638"}],"wp:attachment":[{"href":"https:\/\/ena.cl\/index.php?rest_route=%2Fwp%2Fv2%2Fmedia&parent=3636"}],"wp:term":[{"taxonomy":"category","embeddable":true,"href":"https:\/\/ena.cl\/index.php?rest_route=%2Fwp%2Fv2%2Fcategories&post=3636"},{"taxonomy":"post_tag","embeddable":true,"href":"https:\/\/ena.cl\/index.php?rest_route=%2Fwp%2Fv2%2Ftags&post=3636"}],"curies":[{"name":"wp","href":"https:\/\/api.w.org\/{rel}","templated":true}]}}