{"id":3623,"date":"2023-01-16T18:11:02","date_gmt":"2023-01-16T21:11:02","guid":{"rendered":"https:\/\/ena.cl\/comunicacion-efectiva-y-oratoria-copy\/"},"modified":"2023-03-15T13:25:34","modified_gmt":"2023-03-15T16:25:34","slug":"estrategias-para-mejorar-el-clima-laboral","status":"publish","type":"post","link":"https:\/\/ena.cl\/?p=3623","title":{"rendered":"Estrategias para mejorar el clima laboral, Hospital Regional de Antofagasta"},"content":{"rendered":"<p><img loading=\"lazy\" decoding=\"async\" class=\"alignleft size-full wp-image-3628\" src=\"https:\/\/ena.cl\/wp-content\/uploads\/2023\/01\/cursos-web.png\" alt=\"\" width=\"350\" height=\"263\" srcset=\"https:\/\/ena.cl\/wp-content\/uploads\/2023\/01\/cursos-web.png 350w, https:\/\/ena.cl\/wp-content\/uploads\/2023\/01\/cursos-web-300x225.png 300w\" sizes=\"auto, (max-width: 350px) 100vw, 350px\" \/>Desde el 5\u00a0 al 23\u00a0 de diciembre se\u00a0 llev\u00f3 a cabo en nuestra Aula Virtual el curso online de <strong>&#8220;<span dir=\"ltr\" role=\"presentation\">Estrategias para<\/span> <span dir=\"ltr\" role=\"presentation\">Mejoramiento<\/span> <span dir=\"ltr\" role=\"presentation\">del Clima Laboral<\/span>&#8220;<\/strong> para el <strong><span dir=\"ltr\" role=\"presentation\">Hospital Regional de Antofagasta.<\/span><\/strong><\/p>\n<p><span data-sheets-formula-bar-text-style=\"font-size:11px;color:#000000;font-weight:normal;text-decoration:none;font-family:'Arial';font-style:normal;text-decoration-skip-ink:none;\"><span dir=\"ltr\" role=\"presentation\">En este curso los participantes\u00a0 incorporaron herramientas para identificar factores que influyen en el clima laboral, identificando distintas formas de diagn\u00f3stico y elaboraci\u00f3n de un plan de intervenci\u00f3n.<br \/>\n<\/span><\/span><\/p>\n<p>Si necesitas m\u00e1s informaci\u00f3n, <a href=\"https:\/\/ena.cl\/programa\/\">revisa nuestra oferta acad\u00e9mica<\/a><\/p>\n<div id=\"simple-translate\" class=\"simple-translate-system-theme\">\n<div>\n<div class=\"simple-translate-button isShow\" style=\"background-image: url('moz-extension:\/\/a393a9f5-6c22-4fd7-b11b-bc41e8475fd9\/icons\/512.png'); height: 22px; width: 22px; top: 125px; left: 379px;\"><\/div>\n<div class=\"simple-translate-panel \" style=\"width: 300px; height: 200px; top: 0px; left: 0px; font-size: 13px;\">\n<div class=\"simple-translate-result-wrapper\" style=\"overflow: hidden;\">\n<div class=\"simple-translate-move\" draggable=\"true\"><\/div>\n<div class=\"simple-translate-result-contents\">\n<p class=\"simple-translate-candidate\" dir=\"auto\">\n<\/div>\n<\/div>\n<\/div>\n<\/div>\n<\/div>\n","protected":false},"excerpt":{"rendered":"<p>En este curso los participantes\u00a0 incorporaron herramientas para identificar factores que influyen en el clima laboral, identificando distintas formas de diagn\u00f3stico y elaboraci\u00f3n de un plan de intervenci\u00f3n.<\/p>\n","protected":false},"author":1,"featured_media":3628,"comment_status":"closed","ping_status":"closed","sticky":false,"template":"","format":"standard","meta":{"footnotes":""},"categories":[2,15],"tags":[],"class_list":["post-3623","post","type-post","status-publish","format-standard","has-post-thumbnail","hentry","category-noticias","category-ultimos-cursos","category-2","category-15","description-off"],"_links":{"self":[{"href":"https:\/\/ena.cl\/index.php?rest_route=\/wp\/v2\/posts\/3623","targetHints":{"allow":["GET"]}}],"collection":[{"href":"https:\/\/ena.cl\/index.php?rest_route=\/wp\/v2\/posts"}],"about":[{"href":"https:\/\/ena.cl\/index.php?rest_route=\/wp\/v2\/types\/post"}],"author":[{"embeddable":true,"href":"https:\/\/ena.cl\/index.php?rest_route=\/wp\/v2\/users\/1"}],"replies":[{"embeddable":true,"href":"https:\/\/ena.cl\/index.php?rest_route=%2Fwp%2Fv2%2Fcomments&post=3623"}],"version-history":[{"count":6,"href":"https:\/\/ena.cl\/index.php?rest_route=\/wp\/v2\/posts\/3623\/revisions"}],"predecessor-version":[{"id":3967,"href":"https:\/\/ena.cl\/index.php?rest_route=\/wp\/v2\/posts\/3623\/revisions\/3967"}],"wp:featuredmedia":[{"embeddable":true,"href":"https:\/\/ena.cl\/index.php?rest_route=\/wp\/v2\/media\/3628"}],"wp:attachment":[{"href":"https:\/\/ena.cl\/index.php?rest_route=%2Fwp%2Fv2%2Fmedia&parent=3623"}],"wp:term":[{"taxonomy":"category","embeddable":true,"href":"https:\/\/ena.cl\/index.php?rest_route=%2Fwp%2Fv2%2Fcategories&post=3623"},{"taxonomy":"post_tag","embeddable":true,"href":"https:\/\/ena.cl\/index.php?rest_route=%2Fwp%2Fv2%2Ftags&post=3623"}],"curies":[{"name":"wp","href":"https:\/\/api.w.org\/{rel}","templated":true}]}}