{"id":3574,"date":"2022-12-20T17:48:17","date_gmt":"2022-12-20T20:48:17","guid":{"rendered":"https:\/\/ena.cl\/curso-integral-para-nutricionistas-copy\/"},"modified":"2022-12-20T18:07:29","modified_gmt":"2022-12-20T21:07:29","slug":"jornada-de-prescripcion-dietoterapeutica","status":"publish","type":"post","link":"https:\/\/ena.cl\/?p=3574","title":{"rendered":"Jornada de Prescripci\u00f3n Dietoterape\u00fatica y de Actividad F\u00edsica para Gestantes, Mujeres Post-Parto y Pre-escolares"},"content":{"rendered":"<p><img loading=\"lazy\" decoding=\"async\" class=\"alignleft wp-image-3575\" src=\"https:\/\/ena.cl\/wp-content\/uploads\/2022\/12\/FOTOWhatsApp-Image-2022-12-07-at-08.51.421.jpeg\" alt=\"\" width=\"430\" height=\"323\" srcset=\"https:\/\/ena.cl\/wp-content\/uploads\/2022\/12\/FOTOWhatsApp-Image-2022-12-07-at-08.51.421.jpeg 1600w, https:\/\/ena.cl\/wp-content\/uploads\/2022\/12\/FOTOWhatsApp-Image-2022-12-07-at-08.51.421-600x450.jpeg 600w, https:\/\/ena.cl\/wp-content\/uploads\/2022\/12\/FOTOWhatsApp-Image-2022-12-07-at-08.51.421-300x225.jpeg 300w, https:\/\/ena.cl\/wp-content\/uploads\/2022\/12\/FOTOWhatsApp-Image-2022-12-07-at-08.51.421-1024x768.jpeg 1024w, https:\/\/ena.cl\/wp-content\/uploads\/2022\/12\/FOTOWhatsApp-Image-2022-12-07-at-08.51.421-768x576.jpeg 768w, https:\/\/ena.cl\/wp-content\/uploads\/2022\/12\/FOTOWhatsApp-Image-2022-12-07-at-08.51.421-1536x1152.jpeg 1536w\" sizes=\"auto, (max-width: 430px) 100vw, 430px\" \/>Durante el mes de diciembre\u00a0 realizamos el curso\u00a0 <strong><span dir=\"ltr\" role=\"presentation\">\u201c<\/span>Jornada de Prescripci\u00f3n Dietoterape\u00fatica y de Actividad F\u00edsica para Gestantes, Mujeres Post-Parto y Pre-escolares&#8221;.<br \/>\n<\/strong><span data-sheets-formula-bar-text-style=\"font-size:11px;color:#000000;font-weight:normal;text-decoration:none;font-family:'Arial';font-style:normal;text-decoration-skip-ink:none;\"><span dir=\"ltr\" role=\"presentation\">El\u00a0 curso se desarroll\u00f3 en modalidad 100% presencial y su objetivo fue que los participantes adquirieran\u00a0 conocimientos y herramientas necesarias para la prescripci\u00f3n dietoterap\u00e9utica y de actividad f\u00edsica, para gestantes, mujeres postparto y pre escolares, que participan en el Programa Elige Vida Sana en los Establecimientos de la Red Asistencial de la Provincia del Biob\u00edo.<\/span><\/span><\/p>\n<p>El equipo docente estuvo integrado por Claudio Soto (kinesi\u00f3logo), Juan Sebasti\u00e1n Cabezas (Nutricionista)<\/p>\n<p>Si necesitas m\u00e1s informaci\u00f3n, <a href=\"https:\/\/ena.cl\/programa\/\">revisa nuestra oferta acad\u00e9mica<\/a><\/p>\n","protected":false},"excerpt":{"rendered":"<p>Durante el mes de diciembre\u00a0 realizamos el curso presencial de\u00a0 \u201cJornada de Prescripci\u00f3n Dietoterape\u00fatica y de Actividad F\u00edsica para Gestantes, Mujeres Post-Parto y Pre-escolares&#8221;.<\/p>\n","protected":false},"author":1,"featured_media":3575,"comment_status":"closed","ping_status":"closed","sticky":false,"template":"","format":"standard","meta":{"footnotes":""},"categories":[2,15],"tags":[],"class_list":["post-3574","post","type-post","status-publish","format-standard","has-post-thumbnail","hentry","category-noticias","category-ultimos-cursos","category-2","category-15","description-off"],"_links":{"self":[{"href":"https:\/\/ena.cl\/index.php?rest_route=\/wp\/v2\/posts\/3574","targetHints":{"allow":["GET"]}}],"collection":[{"href":"https:\/\/ena.cl\/index.php?rest_route=\/wp\/v2\/posts"}],"about":[{"href":"https:\/\/ena.cl\/index.php?rest_route=\/wp\/v2\/types\/post"}],"author":[{"embeddable":true,"href":"https:\/\/ena.cl\/index.php?rest_route=\/wp\/v2\/users\/1"}],"replies":[{"embeddable":true,"href":"https:\/\/ena.cl\/index.php?rest_route=%2Fwp%2Fv2%2Fcomments&post=3574"}],"version-history":[{"count":9,"href":"https:\/\/ena.cl\/index.php?rest_route=\/wp\/v2\/posts\/3574\/revisions"}],"predecessor-version":[{"id":3586,"href":"https:\/\/ena.cl\/index.php?rest_route=\/wp\/v2\/posts\/3574\/revisions\/3586"}],"wp:featuredmedia":[{"embeddable":true,"href":"https:\/\/ena.cl\/index.php?rest_route=\/wp\/v2\/media\/3575"}],"wp:attachment":[{"href":"https:\/\/ena.cl\/index.php?rest_route=%2Fwp%2Fv2%2Fmedia&parent=3574"}],"wp:term":[{"taxonomy":"category","embeddable":true,"href":"https:\/\/ena.cl\/index.php?rest_route=%2Fwp%2Fv2%2Fcategories&post=3574"},{"taxonomy":"post_tag","embeddable":true,"href":"https:\/\/ena.cl\/index.php?rest_route=%2Fwp%2Fv2%2Ftags&post=3574"}],"curies":[{"name":"wp","href":"https:\/\/api.w.org\/{rel}","templated":true}]}}